{"id":19445,"date":"2021-12-20T10:15:57","date_gmt":"2021-12-20T13:15:57","guid":{"rendered":"http:\/\/www.primeranota.cl\/web\/?p=19445"},"modified":"2021-12-20T10:15:57","modified_gmt":"2021-12-20T13:15:57","slug":"gabriel-boric-4-frases-de-su-discurso-como-presidente-electo-de-chile","status":"publish","type":"post","link":"http:\/\/www.primeranota.cl\/web\/pais\/gabriel-boric-4-frases-de-su-discurso-como-presidente-electo-de-chile\/","title":{"rendered":"Gabriel Boric: 4 frases de su discurso como presidente electo de Chile"},"content":{"rendered":"<p><a href=\"https:\/\/www.t13.cl\/etiqueta\/gabriel-boric\" target=\"_blank\" rel=\"noopener\">Gabriel Boric<\/a>\u00a0dio un emotivo discurso, el primero como presidente electo del pa\u00eds, ante decenas de miles de simpatizantes.<\/p>\n<p>El izquierdista Boric se impuso al derechista Jos\u00e9 Antonio Kast con m\u00e1s de 11 puntos porcentuales de diferencia.<\/p>\n<p>Con m\u00e1s del 99,79% de las mesas escrutadas, Boric suma el 55,86% por el 44,14% de Kast, que fue el ganador en la primera vuelta el 21 de noviembre.<\/p>\n<p>Pocos minutos despu\u00e9s de que se declarara el triunfo de Boric, las calles del centro de Santiago y otras ciudades importantes chilenas se llenaron de adherentes tocando bocinas y flameando banderas chilenas y de la campa\u00f1a del candidato izquierdista, inform\u00f3\u00a0<strong>Fernanda Pa\u00fal<\/strong>, enviada especial de BBC Mundo a Chile.<\/p>\n<p>Y Boric, que habl\u00f3 con el presidente saliente, Sebasti\u00e1n Pi\u00f1era, y con el propio Kast, finalmente dio su discurso.<\/p>\n<p>En BBC Mundo<\/p>\n<div id=\"dfp-inread-wrapper-2\"><\/div>\n<h2>1 &#8211; El saludo en mapuche y el reconocimiento a los pueblos originarios<\/h2>\n<p><strong><em>&#8220;Gracias a todos los pueblos que habitan el lugar llamado Chile. Quiero comenzar este momento hist\u00f3rico, que es tremendamente emocionante, agradeciendo a todos los chilenos y chilenas que fueron a votar honrando su compromiso con la democracia&#8221;<\/em><\/strong>, dijo Boric, cuyas primeras palabras fueron en mapuche.<\/p>\n<p>El conflicto mapuche en el sur del pa\u00eds ha sido uno de los grandes temas de campa\u00f1a y el mayor reconocimiento de la diversidad ling\u00fc\u00edstica y cultural del Chile se reflej\u00f3 de forma hist\u00f3rica en la votaci\u00f3n de los miembros de la Convenci\u00f3n Constituyente.<\/p>\n<h2>2 &#8211; El poder de las mujeres y de las &#8220;disidencias&#8221;<\/h2>\n<p><strong><em>&#8220;Quiero agradecer a<\/em><\/strong><strong><em>\u00a0las mujeres<\/em><\/strong><strong><em>de<\/em><\/strong><strong><em>\u00a0de<\/em><\/strong><strong><em>\u00a0nu<\/em><\/strong><strong><em>e<\/em><\/strong><strong><em>str<\/em><\/strong><strong><em>a<\/em><\/strong><strong><em>\u00a0patria<\/em><\/strong><strong><em>,<\/em><\/strong><strong><em>\u00a0que se organi<\/em><\/strong><strong><em>z<\/em><\/strong><strong><em>aron para defender los derecho<\/em><\/strong><strong><em>s<\/em><\/strong><strong><em>\u00a0que tanto<\/em><\/strong><strong><em>les ha costado alcanzar<\/em><\/strong><strong><em>\u00a0(&#8230;) El derecho\u00a0<\/em><\/strong><strong><em>a voto,\u00a0<\/em><\/strong><strong><em>el\u00a0<\/em><\/strong><strong><em>d<\/em><\/strong><strong><em>ere<\/em><\/strong><strong><em>cho a decidir sobre su propio cuerpo<\/em><\/strong><strong><em>\u00a0(&#8230;) C<\/em><\/strong><strong><em>uenten con nosotros, ustedes ser\u00e1n protagonistas de nu<\/em><\/strong><strong><em>e<\/em><\/strong><strong><em>str<\/em><\/strong><strong><em>o<\/em><\/strong><strong><em>\u00a0gobierno<\/em><\/strong><strong><em>&#8220;<\/em><\/strong><\/p>\n<p>Boric hizo una campa\u00f1a de defensa de los derechos de las mujeres frente a Kast, que aunque luego moder\u00f3 su discurso y rectific\u00f3, en la primera vuelta propuso abolir el Ministerio de la Mujer, plante\u00f3 dar subsidios s\u00f3lo a las mujeres casadas e incluso limitar el derecho actual al aborto.<\/p>\n<p>El presidente electo tambi\u00e9n hizo referencia a los derechos ganados por la &#8220;disidencia&#8221; y las &#8220;diversidades sexuales&#8221; del pa\u00eds despu\u00e9s de que Kast llegara tambi\u00e9n a hablar de la &#8220;dictadura gay&#8221;.<\/p>\n<p><strong><em>&#8220;<\/em><\/strong><strong><em>La no<\/em><\/strong><strong><em>disc<\/em><\/strong><strong><em>riminaci\u00f3n\u00a0<\/em><\/strong><strong><em>y d<\/em><\/strong><strong><em>e<\/em><\/strong><strong><em>t<\/em><\/strong><strong><em>e<\/em><\/strong><strong><em>ner<\/em><\/strong><strong><em>\u00a0la<\/em><\/strong><strong><em>\u00a0violenci<\/em><\/strong><strong><em>a<\/em><\/strong><strong><em>\u00a0va a ser fundamental<\/em><\/strong><strong><em>\u00a0en nuestro gobierno&#8221;<\/em><\/strong>, dijo.<\/p>\n<h4 id=\"dfp-inread-wrapper-4\"><strong>3- El consenso y el realismo<\/strong><\/h4>\n<p><strong>&#8220;<\/strong><strong>Los avances van a requeri<\/strong><strong>r<\/strong><strong>\u00a0acuerdos amplios, no<\/strong><strong>\u00a0queremos<\/strong><strong>\u00a0desbarrancarnos n<\/strong><strong>i<\/strong><strong>\u00a0arriesgar lo que cada familia ha luchado\u00a0<\/strong><strong>con<\/strong><strong>\u00a0su esfuerzo<\/strong><strong>&#8220;<\/strong>.<\/p>\n<p>Boric evidenci\u00f3 la moderaci\u00f3n que mostr\u00f3 de cara a la segunda vuelta, alejando los cambios radicales que hab\u00edan asustado a muchos en la primera pero comprometido con unas reformas que la mayor\u00eda de chilenos exige desde el estallido social de 2019.<\/p>\n<p>Con un Congreso sin mayor\u00eda de izquierdas, Boric deber\u00e1 negociar con otros bandos para llevar adelante la agenda transformadra que desea y por la que 4,6 millones de chilenos lo votaron.<\/p>\n<p><strong><em>&#8220;Debemos a<\/em><\/strong><strong><em>vanzar con responsa<\/em><\/strong><strong><em>bilidad<\/em><\/strong><strong><em>\u00a0en los cambios estruct<\/em><\/strong><strong><em>u<\/em><\/strong><strong><em>rales sin<\/em><\/strong><strong><em>dejar a nadie atr\u00e1s<\/em><\/strong><strong><em>;<\/em><\/strong><strong><em>\u00a0crecer eco<\/em><\/strong><strong><em>n\u00f3micamente;<\/em><\/strong><strong><em>\u00a0convertir lo<\/em><\/strong><strong><em>\u00a0que para muchos son\u00a0<\/em><\/strong><strong><em>bien<\/em><\/strong><strong><em>e<\/em><\/strong><strong><em>s de con<\/em><\/strong><strong><em>s<\/em><\/strong><strong><em>umo en derecho<\/em><\/strong><strong><em>s<\/em><\/strong><strong><em>\u00a0sociales<\/em><\/strong><strong><em>sin importar tama\u00f1o de billetera<\/em><\/strong><strong><em>;<\/em><\/strong><strong><em>\u00a0y garantizar<\/em><\/strong><strong><em>\u00a0la<\/em><\/strong><strong><em>\u00a0vida tranquila y segura<\/em><\/strong><strong><em>&#8220;<\/em><\/strong><\/p>\n<h2>4- La nueva Constituci\u00f3n<\/h2>\n<p>&#8220;Defenderemos el proceso constituyente, que es motivo de orgullo mundial. Es la primera vez que escribimos una Constituci\u00f3n de forma democr\u00e1tica. Cuidemos este proceso para que sea una Carta Magna fruto del acuerdo y no de la imposici\u00f3n&#8221;<\/p>\n<p>Boric, a diferencia de Kast, es partidario del trabajo de la Convenci\u00f3n Constituyente que en la segunda mitad de 2022 propondr\u00e1 un borrador de Carta Magna que deber\u00e1 ser refrendada luego por los chilenos.<\/p>\n<p>La Asamblea est\u00e1 formada por una mayor\u00eda de izquierdas y de independientes.<\/p>\n<p>Nota :En BBC Mundo<\/p>\n","protected":false},"excerpt":{"rendered":"<p>Gabriel Boric\u00a0dio un emotivo discurso, el primero como presidente electo del pa\u00eds, ante decenas de miles de simpatizantes. El izquierdista Boric se impuso al derechista&#8230;<\/p>\n","protected":false},"author":2,"featured_media":19446,"comment_status":"closed","ping_status":"open","sticky":false,"template":"","format":"standard","meta":{"footnotes":""},"categories":[4,267],"tags":[],"_links":{"self":[{"href":"http:\/\/www.primeranota.cl\/web\/wp-json\/wp\/v2\/posts\/19445"}],"collection":[{"href":"http:\/\/www.primeranota.cl\/web\/wp-json\/wp\/v2\/posts"}],"about":[{"href":"http:\/\/www.primeranota.cl\/web\/wp-json\/wp\/v2\/types\/post"}],"author":[{"embeddable":true,"href":"http:\/\/www.primeranota.cl\/web\/wp-json\/wp\/v2\/users\/2"}],"replies":[{"embeddable":true,"href":"http:\/\/www.primeranota.cl\/web\/wp-json\/wp\/v2\/comments?post=19445"}],"version-history":[{"count":1,"href":"http:\/\/www.primeranota.cl\/web\/wp-json\/wp\/v2\/posts\/19445\/revisions"}],"predecessor-version":[{"id":19447,"href":"http:\/\/www.primeranota.cl\/web\/wp-json\/wp\/v2\/posts\/19445\/revisions\/19447"}],"wp:featuredmedia":[{"embeddable":true,"href":"http:\/\/www.primeranota.cl\/web\/wp-json\/wp\/v2\/media\/19446"}],"wp:attachment":[{"href":"http:\/\/www.primeranota.cl\/web\/wp-json\/wp\/v2\/media?parent=19445"}],"wp:term":[{"taxonomy":"category","embeddable":true,"href":"http:\/\/www.primeranota.cl\/web\/wp-json\/wp\/v2\/categories?post=19445"},{"taxonomy":"post_tag","embeddable":true,"href":"http:\/\/www.primeranota.cl\/web\/wp-json\/wp\/v2\/tags?post=19445"}],"curies":[{"name":"wp","href":"https:\/\/api.w.org\/{rel}","templated":true}]}}