{"id":19495,"date":"2021-12-29T12:31:50","date_gmt":"2021-12-29T15:31:50","guid":{"rendered":"http:\/\/www.primeranota.cl\/web\/?p=19495"},"modified":"2021-12-29T12:31:50","modified_gmt":"2021-12-29T15:31:50","slug":"dirigentes-vecinales-se-adjudican-fndr-y-entregan-notebooks-a-21-ninos-y-jovenes-de-la-poblacion-san-francisco-de-padre-las-casas","status":"publish","type":"post","link":"http:\/\/www.primeranota.cl\/web\/region\/dirigentes-vecinales-se-adjudican-fndr-y-entregan-notebooks-a-21-ninos-y-jovenes-de-la-poblacion-san-francisco-de-padre-las-casas\/","title":{"rendered":"Dirigentes vecinales se adjudican FNDR y entregan notebooks a 21 ni\u00f1os y j\u00f3venes de la Poblaci\u00f3n San Francisco de Padre Las Casas"},"content":{"rendered":"<p>\u201cPara nadie es un misterio las necesidades de nuestros hijos en la era del conocimiento, como poder acceder a la tecnolog\u00eda para mejorar la capacidad de aprender y como municipio hemos hecho esfuerzos importantes, pero siempre quedan ni\u00f1os que no han podido optar a un computador y de ah\u00ed la importancia de este proyecto FNDR que se adjudicaron dirigentes de la poblaci\u00f3n San Francisco, a trav\u00e9s de su dirigente Sergio Riquelme, que permite abrir un mundo de conocimiento\u201d, manifest\u00f3 el alcalde de Padre Las Casas, Mario Gonz\u00e1lez en la ceremonia de entrega de 21 notebook a ni\u00f1os y j\u00f3venes de la Poblaci\u00f3n San Francisco de PLC.<\/p>\n<p>La ceremonia se efectu\u00f3 en el Centro Cultural de Padre Las Casas y cont\u00f3 con la presencia de la consejera regional, Ana Mar\u00eda Soto; el concejal de Padre Las Casas, Pedro Vergara; el dirigente vecinal, Sergio Riquelme y el encargado de fondos concursables de la Municipalidad de Padre Las Casas, Felipe Gonz\u00e1lez, quienes junto a las familias apoyaron la entrega, resguardando las medidas sanitarias.<\/p>\n<p>En la ocasi\u00f3n los j\u00f3venes se mostraron contentos con este regalo. \u201cEstoy feliz, contenta, me siento bien porque me va a ayudar a estudiar sobre todo ahora que pas\u00e9 a primero medio y me va a servir harto, porque antes me conectaba por tel\u00e9fono, que es un poco inc\u00f3modo y por eso decid\u00ed volver al colegio cuando se pod\u00eda\u201d, coment\u00f3 Monserrat Figueroa, estudiante de 13 a\u00f1os.<\/p>\n<p>Y para Ignacio Burgos, de 11 a\u00f1os esta herramienta la usar\u00e1 para el colegio. \u201cEste computador me servir\u00e1 para estudiar y hacer los trabajos que me dan en el colegio, ante usaba el celular para conectarme a clases, pas\u00e9 con un 6.4 no m\u00e1s no alcanc\u00e9 para el 7, pero igual es bueno\u201d, concluy\u00f3.<\/p>\n<p>&nbsp;<\/p>\n<p>&nbsp;<\/p>\n<p>&nbsp;<\/p>\n","protected":false},"excerpt":{"rendered":"<p>\u201cPara nadie es un misterio las necesidades de nuestros hijos en la era del conocimiento, como poder acceder a la tecnolog\u00eda para mejorar la capacidad&#8230;<\/p>\n","protected":false},"author":2,"featured_media":19496,"comment_status":"closed","ping_status":"open","sticky":false,"template":"","format":"standard","meta":{"footnotes":""},"categories":[267,3],"tags":[],"_links":{"self":[{"href":"http:\/\/www.primeranota.cl\/web\/wp-json\/wp\/v2\/posts\/19495"}],"collection":[{"href":"http:\/\/www.primeranota.cl\/web\/wp-json\/wp\/v2\/posts"}],"about":[{"href":"http:\/\/www.primeranota.cl\/web\/wp-json\/wp\/v2\/types\/post"}],"author":[{"embeddable":true,"href":"http:\/\/www.primeranota.cl\/web\/wp-json\/wp\/v2\/users\/2"}],"replies":[{"embeddable":true,"href":"http:\/\/www.primeranota.cl\/web\/wp-json\/wp\/v2\/comments?post=19495"}],"version-history":[{"count":1,"href":"http:\/\/www.primeranota.cl\/web\/wp-json\/wp\/v2\/posts\/19495\/revisions"}],"predecessor-version":[{"id":19497,"href":"http:\/\/www.primeranota.cl\/web\/wp-json\/wp\/v2\/posts\/19495\/revisions\/19497"}],"wp:featuredmedia":[{"embeddable":true,"href":"http:\/\/www.primeranota.cl\/web\/wp-json\/wp\/v2\/media\/19496"}],"wp:attachment":[{"href":"http:\/\/www.primeranota.cl\/web\/wp-json\/wp\/v2\/media?parent=19495"}],"wp:term":[{"taxonomy":"category","embeddable":true,"href":"http:\/\/www.primeranota.cl\/web\/wp-json\/wp\/v2\/categories?post=19495"},{"taxonomy":"post_tag","embeddable":true,"href":"http:\/\/www.primeranota.cl\/web\/wp-json\/wp\/v2\/tags?post=19495"}],"curies":[{"name":"wp","href":"https:\/\/api.w.org\/{rel}","templated":true}]}}