{"id":1966,"date":"2018-08-21T08:25:59","date_gmt":"2018-08-21T11:25:59","guid":{"rendered":"http:\/\/www.primeranota.cl\/web\/?p=1966"},"modified":"2018-08-21T08:25:59","modified_gmt":"2018-08-21T11:25:59","slug":"la-moneda-lanza-su-segunda-etapa","status":"publish","type":"post","link":"http:\/\/www.primeranota.cl\/web\/pais\/la-moneda-lanza-su-segunda-etapa\/","title":{"rendered":"La Moneda lanza su segunda etapa"},"content":{"rendered":"<p>Dar se\u00f1ales de que dieron vuelta la p\u00e1gina y que se superaron los conflictos. Ese fue el acuerdo que ratificaron este lunes los ministros del comit\u00e9 pol\u00edtico y los principales dirigentes de Chile Vamos. Esto, luego de semanas complejas para La Moneda.<br \/>\nEl gobierno nuevamente apuesta a instalar que comenzaron una \u201csegunda etapa\u201d, recalcando que son cuatro los proyectos fundamentales que impulsar\u00e1n: modernizaci\u00f3n tributaria, reforma laboral, pensiones e isapres.<br \/>\nEntre los episodios que tuvo que afrontar el Ejecutivo se encuentra el fallido nombramiento de Mauricio Rojas en el Ministerio de las Culturas tras sus pol\u00e9micos dichos sobre el Museo de la Memoria; los cuestionamientos de la oposici\u00f3n al subsecretario de Redes Asistenciales, Luis Castillo; las cr\u00edticas que surgieron de RN y la UDI al desmarque protagonizado por Ev\u00f3poli en materia de derechos humanos; y los reparos de algunos parlamentarios de RN por un supuesto \u201cfrenes\u00ed\u201d de anuncios del gobierno y mal manejo pol\u00edtico.<br \/>\nDurante el encuentro del domingo con los presidentes de los partidos pol\u00edticos, el Mandatario -quien por la ma\u00f1ana del mismo domingo hab\u00eda manifestado que \u201cel fuego amigo produce da\u00f1o\u201d- pidi\u00f3 zanjar en privado las disputas del bloque. Y , durante el comit\u00e9 pol\u00edtico de La Moneda, se insisti\u00f3 en que las diferencias se traten en privado, recalcando tambi\u00e9n que es necesario \u201ccuidar al gobierno\u201d y no equivocarse en el adversario con el objetivo de proyectar a la coalici\u00f3n.<br \/>\n\u201cPodemos tener malentendidos, pero cuando hay confianza sobre la base de un proyecto colectivo que se sustenta en principios fuertes y permanentes, eso se manifiesta en el alero interno\u201d, remarc\u00f3 la vocera de gobierno, Cecilia P\u00e9rez.<br \/>\nEn la misma l\u00ednea, el presidente de Ev\u00f3poli, Hern\u00e1n Larra\u00edn Matte, sostuvo que hay que entender que \u201clo importante es dar se\u00f1ales de unidad en lo p\u00fablico\u201d, mientras que el l\u00edder de RN, Mario Desbordes, dijo no sentirse \u201caludido\u201d por el llamado a evitar el fuego amigo, asegurando que su partido ha sido \u201cleal\u201d. Adem\u00e1s, descart\u00f3 que haya habido alg\u00fan llamado de atenci\u00f3n por parte del gobierno. \u201cMi \u00fanico jefe es la asamblea de RN, yo no recibo tirones de orejas, no soy funcionario de gobierno\u201d, dijo.<br \/>\nPese a que p\u00fablicamente tanto en La Moneda como en Chile Vamos entregaron se\u00f1ales de normalidad, en privado segu\u00edan resintiendo algunos episodios. En Ev\u00f3poli comentaban que cre\u00edan que RN y la UDI llegaron con una \u201cespecie de acuerdo\u201d el domingo a la cita en la casa de Chadwick. Esto, porque, explican las mismas fuentes, ambos cuestionaron en esa cita que el partido encabezado por Larra\u00edn Matte manifestara \u201cen reiteradas ocasiones\u201d posturas diferentes a las del bloque. Ese punto fue refutado este lunes en la reuni\u00f3n del comit\u00e9 pol\u00edtico, seg\u00fan los asistentes, por el senador Felipe Kast.<\/p>\n<p>Adem\u00e1s, en el Ejecutivo lamentaban que Desbordes los haya criticado en materia de seguridad, y que Ev\u00f3poli haya presentado una propuesta alternativa en materia de reforma tributaria, sobre todo, porque contradice el criterio que fij\u00f3 el Mandatario de no bajar los impuestos a las empresas<\/p>\n","protected":false},"excerpt":{"rendered":"<p>Dar se\u00f1ales de que dieron vuelta la p\u00e1gina y que se superaron los conflictos. Ese fue el acuerdo que ratificaron este lunes los ministros del&#8230;<\/p>\n","protected":false},"author":2,"featured_media":1918,"comment_status":"closed","ping_status":"open","sticky":false,"template":"","format":"standard","meta":{"footnotes":""},"categories":[4,267],"tags":[],"_links":{"self":[{"href":"http:\/\/www.primeranota.cl\/web\/wp-json\/wp\/v2\/posts\/1966"}],"collection":[{"href":"http:\/\/www.primeranota.cl\/web\/wp-json\/wp\/v2\/posts"}],"about":[{"href":"http:\/\/www.primeranota.cl\/web\/wp-json\/wp\/v2\/types\/post"}],"author":[{"embeddable":true,"href":"http:\/\/www.primeranota.cl\/web\/wp-json\/wp\/v2\/users\/2"}],"replies":[{"embeddable":true,"href":"http:\/\/www.primeranota.cl\/web\/wp-json\/wp\/v2\/comments?post=1966"}],"version-history":[{"count":1,"href":"http:\/\/www.primeranota.cl\/web\/wp-json\/wp\/v2\/posts\/1966\/revisions"}],"predecessor-version":[{"id":1967,"href":"http:\/\/www.primeranota.cl\/web\/wp-json\/wp\/v2\/posts\/1966\/revisions\/1967"}],"wp:featuredmedia":[{"embeddable":true,"href":"http:\/\/www.primeranota.cl\/web\/wp-json\/wp\/v2\/media\/1918"}],"wp:attachment":[{"href":"http:\/\/www.primeranota.cl\/web\/wp-json\/wp\/v2\/media?parent=1966"}],"wp:term":[{"taxonomy":"category","embeddable":true,"href":"http:\/\/www.primeranota.cl\/web\/wp-json\/wp\/v2\/categories?post=1966"},{"taxonomy":"post_tag","embeddable":true,"href":"http:\/\/www.primeranota.cl\/web\/wp-json\/wp\/v2\/tags?post=1966"}],"curies":[{"name":"wp","href":"https:\/\/api.w.org\/{rel}","templated":true}]}}