{"id":20001,"date":"2022-07-17T01:27:51","date_gmt":"2022-07-17T05:27:51","guid":{"rendered":"http:\/\/www.primeranota.cl\/web\/?p=20001"},"modified":"2023-04-01T16:18:05","modified_gmt":"2023-04-01T19:18:05","slug":"frontel-entrega-balance-del-servicio-electrico-tras-ingreso-de-sistema-frontal-en-la-araucania","status":"publish","type":"post","link":"http:\/\/www.primeranota.cl\/web\/region\/frontel-entrega-balance-del-servicio-electrico-tras-ingreso-de-sistema-frontal-en-la-araucania\/","title":{"rendered":"Frontel entrega balance del servicio el\u00e9ctrico tras ingreso de sistema frontal en La Araucan\u00eda"},"content":{"rendered":"\r\n<p>Tras el intenso sistema frontal que ha afectado fuertemente a la zona los \u00faltimos d\u00edas, Frontel entrega balance de sus servicios en las comunas m\u00e1s afectadas por el temporal durante la \u00faltima jornada. En este caso se trata de las comunas cordilleranas de Lonquimay, Cunco y Melipeuco las que se han visto afectadas principalmente a causa de la ca\u00edda de grandes \u00e1rboles y descargas atmosf\u00e9ricas sobre las l\u00edneas el\u00e9ctricas.<\/p>\r\n\r\n\r\n\r\n<p>Hern\u00e1n Villagr\u00e1n, jefe de servicio al Cliente de Frontel detall\u00f3 que pese a los impactos de los fuertes temporales de viento y lluvia que se han registrado, a las 14:00 horas de este martes 16 de agosto, el 98% de los clientes se encuentra con el servicio normal del suministro el\u00e9ctrico.<\/p>\r\n\r\n\r\n\r\n<p>Desde la distribuidora explicaron que, tras la activaci\u00f3n del Plan de Emergencia Clim\u00e1tica, se ha reforzado los equipos de brigadas de operaciones, brigadas pesadas y personal log\u00edstico, aumentando en un 400% el recurso en comparaci\u00f3n a un d\u00eda normal. El personal de la distribuidora ha\u00a0trabajado arduamente en distintos sectores hasta altas horas de la madrugada, para reparar l\u00edneas cortadas y postes quebrados por la ca\u00edda de grandes \u00e1rboles en distintas fallas que han interrumpido el suministro el\u00e9ctrico para los vecinos.<\/p>\r\n\r\n\r\n\r\n<p>\u201cContin\u00faanos con todo nuestro personal en terreno, trabajando intensamente para reponer el suministro a nuestros clientes, a pesar de la lluvia y las condiciones clim\u00e1ticas imperantes en la zona. Siempre resguardando la seguridad de nuestro personal en terreno\u201d, declar\u00f3 Villagr\u00e1n.<\/p>\r\n\r\n\r\n\r\n<p>En este contexto, el ejecutivo destac\u00f3 que \u201cgracias a los generadores de respaldo que hemos instalado en distintos sectores de la regi\u00f3n durante los \u00faltimos a\u00f1os, hemos podido reponer el suministro el\u00e9ctrico en cosa de minutos para los centros urbanos de distintas comunas de la regi\u00f3n\u201d.<\/p>\r\n\r\n\r\n\r\n<p>Frente a cualquier consulta o requerimiento, Frontel tiene activos sus canales de contacto como bot\u00f3n estoy sin luz, en la p\u00e1gina web, <a href=\"http:\/\/www.frontel.cl\">www.frontel.cl<\/a>, SMS, sin costo, enviando la palabra LUZ # n\u00famero de cliente al 4021, sus canales digitales en Twitter y Facebook, adem\u00e1s de la l\u00ednea gratuita 800 600 802.<\/p>\r\n","protected":false},"excerpt":{"rendered":"<p>Las comunas m\u00e1s afectadas por cortes de energ\u00eda han sido Cunco y Lonquimay.<\/p>\n","protected":false},"author":1,"featured_media":20002,"comment_status":"closed","ping_status":"open","sticky":false,"template":"","format":"standard","meta":{"footnotes":""},"categories":[267,3,225],"tags":[],"_links":{"self":[{"href":"http:\/\/www.primeranota.cl\/web\/wp-json\/wp\/v2\/posts\/20001"}],"collection":[{"href":"http:\/\/www.primeranota.cl\/web\/wp-json\/wp\/v2\/posts"}],"about":[{"href":"http:\/\/www.primeranota.cl\/web\/wp-json\/wp\/v2\/types\/post"}],"author":[{"embeddable":true,"href":"http:\/\/www.primeranota.cl\/web\/wp-json\/wp\/v2\/users\/1"}],"replies":[{"embeddable":true,"href":"http:\/\/www.primeranota.cl\/web\/wp-json\/wp\/v2\/comments?post=20001"}],"version-history":[{"count":2,"href":"http:\/\/www.primeranota.cl\/web\/wp-json\/wp\/v2\/posts\/20001\/revisions"}],"predecessor-version":[{"id":20004,"href":"http:\/\/www.primeranota.cl\/web\/wp-json\/wp\/v2\/posts\/20001\/revisions\/20004"}],"wp:featuredmedia":[{"embeddable":true,"href":"http:\/\/www.primeranota.cl\/web\/wp-json\/wp\/v2\/media\/20002"}],"wp:attachment":[{"href":"http:\/\/www.primeranota.cl\/web\/wp-json\/wp\/v2\/media?parent=20001"}],"wp:term":[{"taxonomy":"category","embeddable":true,"href":"http:\/\/www.primeranota.cl\/web\/wp-json\/wp\/v2\/categories?post=20001"},{"taxonomy":"post_tag","embeddable":true,"href":"http:\/\/www.primeranota.cl\/web\/wp-json\/wp\/v2\/tags?post=20001"}],"curies":[{"name":"wp","href":"https:\/\/api.w.org\/{rel}","templated":true}]}}