{"id":2024,"date":"2018-08-23T08:06:59","date_gmt":"2018-08-23T11:06:59","guid":{"rendered":"http:\/\/www.primeranota.cl\/web\/?p=2024"},"modified":"2018-08-23T08:06:59","modified_gmt":"2018-08-23T11:06:59","slug":"la-aparente-y-fragil-calma-entre-la-moneda-y-chile-vamos","status":"publish","type":"post","link":"http:\/\/www.primeranota.cl\/web\/pais\/la-aparente-y-fragil-calma-entre-la-moneda-y-chile-vamos\/","title":{"rendered":"La aparente y fr\u00e1gil calma entre La Moneda y Chile Vamos"},"content":{"rendered":"<p>De las conclusiones que en el oficialismo sacan en limpio del despliegue de Pi\u00f1era para ordenar la casa, est\u00e1 el que logr\u00f3 bajar la tensi\u00f3n al interior de Chile Vamos, aline\u00f3 por ahora a sus huestes detr\u00e1s del Gobierno y en alg\u00fan grado \u2013agregaron\u2013 La Moneda est\u00e1 tratando de retomar el control de la agenda con anuncios como las modificaciones a la reforma tributaria. Hasta ahora, ese es el saldo positivo \u2013afirmaron\u2013, m\u00e1s a\u00fan cuando se habl\u00f3 de repetir m\u00e1s seguido ese tipo de encuentros con el Mandatario.<\/p>\n<p>Es cierto que la noche del domingo la derecha firm\u00f3 un pacto de paz con La Moneda y uno de no agresi\u00f3n entre los propios timoneles de Chile Vamos, pero independientemente de las sonrisas de esa noche, a la salida de la reuni\u00f3n ante las c\u00e1maras de televisi\u00f3n, en el oficialismo saben que las aguas en la interna no se encuentran en su mejor momento y eso impide que se pueda descansar en el apret\u00f3n de manos que todos se dieron.<\/p>\n<p>A nivel de las directivas hubo un compromiso por bajar la virulencia del debate entre ellos, porque durante las \u00faltimas complejas semanas del Gobierno fue un hecho de la causa que no hubo forma de taparla ni contenerla, agravando con ello mucho m\u00e1s las cosas.<\/p>\n<p>El mejor ejemplo de lo anterior fue la entrevista al vicepresidente de RN, el diputado Gonzalo Fuenzalida, en La Tercera, donde sin titubeos apunt\u00f3 directamente a uno de \u201clos hombres del Presidente\u201d, el jefe del segundo piso, Cristi\u00e1n Larroulet, a quien responsabiliz\u00f3 de los errores cometidos por Palacio. No quedaron en menos las declaraciones del timonel de esa colectividad, Mario Desbordes, quien cuestion\u00f3 el trabajo del Gobierno en materia de seguridad cuando se\u00f1al\u00f3, en una entrevista en El Mercurio, que \u201clo que m\u00e1s me preocupa es que no veo ese giro copernicano que se iba a producir en la seguridad ciudadana. No lo veo, no se d\u00f3nde est\u00e1\u201d.<\/p>\n<p>No fueron los \u00fanicos. En la UDI, previo a la reuni\u00f3n del domingo, su presidenta, Jacqueline Van Rysselberghe, tambi\u00e9n aprovech\u00f3 el espacio que todos se dieron en la prensa para advertir a La Moneda que no se pod\u00eda sacar a Castillo de su cargo como subsecretario, porque \u201cempezar a ceder a un chantaje de esa naturaleza es complejo, porque es como ceder a la capacidad de decisi\u00f3n\u201d. Para coronar el clima de desorden, el timonel de Ev\u00f3poli, Hern\u00e1n Larra\u00edn Matte, asegur\u00f3 que en La Moneda se equivocaron al nombrar a Rojas como ministro, con lo que puso el dedo en la llaga.<\/p>\n<p>Ante este escenario, Pi\u00f1era no ten\u00eda mucha chance, actuaba como l\u00edder de la coalici\u00f3n imponiendo orden o corr\u00eda el riesgo de que el control de su coalici\u00f3n se le arrancara de las  manos. En Chile Vamos afirman que no llegaron al desorden que tuvo Bachelet con la Nueva Mayor\u00eda en su peor momento, aunque tambi\u00e9n reconocen que se puede prometer intentar mantenerse alineados, pero que garantizarlo es un imposible.<\/p>\n<p>Sobre todo, cuando, m\u00e1s all\u00e1 de las declaraciones p\u00fablicas de buena crianza, lo concreto es que los problemas en la coalici\u00f3n de Gobierno siguen vigentes. Desde la UDI y RN no son pocos los parlamentarios que se\u00f1alan estar \u201cagotados\u201d de la actitud de Ev\u00f3poli, al cuyos miembros acusan de sentirse moralmente superiores y a quienes no les perdonan el \u201cdiferenciarse en negativo\u201d de ellos, cada vez que pueden les sacan en cara ser \u201clos protegidos\u201d del Presidente Pi\u00f1era, porque \u201ca ellos no se les llama la atenci\u00f3n desde La Moneda\u201d como al resto de Chile Vamos. Ponen, como ejemplo, el que hayan instalado en la agenda la idea de legislar sobre identidad de g\u00e9nero, que no aparec\u00eda en el programa; el proyecto de nepotismo en momentos en que el Mandatario estaba al centro de la tormenta por el nombramiento de su hermano como embajador en Buenos Aires; y, ahora \u00faltimo, su desmarque p\u00fablico del resto de la derecha en el debate sobre las violaciones de los Derechos Humanos.<\/p>\n<p>Desde Ev\u00f3poli, el sentimiento de molestia con sus socios de coalici\u00f3n parece ser mutuo. Sin micr\u00f3fonos de por medio, acusan que el discolaje solo tiene forma en sus pares de RN y la UDI, que cada vez que han sido cuestionados por ellos, \u201cno ha existido asidero, pues nuestra posici\u00f3n ha sido siempre la del Presidente\u201d y que, si se les vuelve a preguntar por el tema de los Derechos Humanos, no tendr\u00e1n ning\u00fan empacho en salir a marcar las diferencias, que s\u00ed existen, reiteraron.<\/p>\n<p>Desde el partido dirigido por Larra\u00edn Matte, sostuvieron que el Jefe de Estadi \u201cse est\u00e1 desangrando por la derecha\u201d, apuntando al trabajo que ha realizado Jos\u00e9 Antonio Kast y por el hecho de que tanto la UDI como RN no estar\u00edan haciendo bien su papel.<br \/>\nEl mostrador<\/p>\n","protected":false},"excerpt":{"rendered":"<p>De las conclusiones que en el oficialismo sacan en limpio del despliegue de Pi\u00f1era para ordenar la casa, est\u00e1 el que logr\u00f3 bajar la tensi\u00f3n&#8230;<\/p>\n","protected":false},"author":2,"featured_media":1918,"comment_status":"closed","ping_status":"open","sticky":false,"template":"","format":"standard","meta":{"footnotes":""},"categories":[4,267],"tags":[],"_links":{"self":[{"href":"http:\/\/www.primeranota.cl\/web\/wp-json\/wp\/v2\/posts\/2024"}],"collection":[{"href":"http:\/\/www.primeranota.cl\/web\/wp-json\/wp\/v2\/posts"}],"about":[{"href":"http:\/\/www.primeranota.cl\/web\/wp-json\/wp\/v2\/types\/post"}],"author":[{"embeddable":true,"href":"http:\/\/www.primeranota.cl\/web\/wp-json\/wp\/v2\/users\/2"}],"replies":[{"embeddable":true,"href":"http:\/\/www.primeranota.cl\/web\/wp-json\/wp\/v2\/comments?post=2024"}],"version-history":[{"count":1,"href":"http:\/\/www.primeranota.cl\/web\/wp-json\/wp\/v2\/posts\/2024\/revisions"}],"predecessor-version":[{"id":2025,"href":"http:\/\/www.primeranota.cl\/web\/wp-json\/wp\/v2\/posts\/2024\/revisions\/2025"}],"wp:featuredmedia":[{"embeddable":true,"href":"http:\/\/www.primeranota.cl\/web\/wp-json\/wp\/v2\/media\/1918"}],"wp:attachment":[{"href":"http:\/\/www.primeranota.cl\/web\/wp-json\/wp\/v2\/media?parent=2024"}],"wp:term":[{"taxonomy":"category","embeddable":true,"href":"http:\/\/www.primeranota.cl\/web\/wp-json\/wp\/v2\/categories?post=2024"},{"taxonomy":"post_tag","embeddable":true,"href":"http:\/\/www.primeranota.cl\/web\/wp-json\/wp\/v2\/tags?post=2024"}],"curies":[{"name":"wp","href":"https:\/\/api.w.org\/{rel}","templated":true}]}}