{"id":20385,"date":"2023-06-30T12:27:22","date_gmt":"2023-06-30T16:27:22","guid":{"rendered":"http:\/\/www.primeranota.cl\/web\/?p=20385"},"modified":"2023-06-30T12:27:22","modified_gmt":"2023-06-30T16:27:22","slug":"temuco-invertira-mas-de-400-millones-en-cruces-de-semaforos-y-arreglo-de-baches","status":"publish","type":"post","link":"http:\/\/www.primeranota.cl\/web\/region\/temuco-invertira-mas-de-400-millones-en-cruces-de-semaforos-y-arreglo-de-baches\/","title":{"rendered":"Temuco invertir\u00e1 m\u00e1s de $400 millones en cruces de sem\u00e1foros y arreglo de baches"},"content":{"rendered":"<p><em>Gracias a recursos del Plan Buen Vivir impulsado por el Gobierno de Chile, la Municipalidad de Temuco ejecutar\u00e1 la instalaci\u00f3n de tres nuevos cruces de sem\u00e1foros: uno en Av. Alemania con 18 de septiembre, el segundo en Av. O\u2019Higgins con San Carlos (sector Dreves), y el tercero en Av. Gabriela Mistral con Recreo; as\u00ed como la ejecuci\u00f3n de la reparaci\u00f3n de calles en seis sectores de la comuna.<\/em><\/p>\n<p>Excelentes noticias para la comuna salieron desde la Municipalidad de Temuco, luego que la Direcci\u00f3n de Tr\u00e1nsito Municipal, en conjunto con la Secretar\u00eda de Planificaci\u00f3n Comunal (Secpla), realizaran los estudios de justificaci\u00f3n y dise\u00f1o de proyectos de sem\u00e1foros para tres nuevos cruces -que significa una inversi\u00f3n de $292 millones-, fondos provenientes del Plan Buen Vivir que forma parte de la cartera de la Subdere, que permitir\u00e1n su instalaci\u00f3n el segundo semestre.<\/p>\n<p>Se trata de la instalaci\u00f3n de sem\u00e1foros en las intersecciones Avenida Alemania con 18 de septiembre, con una inversi\u00f3n de $64 mil millones; la semaforizaci\u00f3n para el cruce de la Avenida Bernardo O\u2019Higgins con San Carlos (sector Dreves) por $ 74 mil millones; y la habilitaci\u00f3n de un tercer cruce semaforizado por $154 mil millones, proyectos que deber\u00e1n estar instalados y en completo funcionamiento el segundo semestre del 2023.<\/p>\n<p>En este contexto, el alcalde de Temuco, Roberto Neira Aburto, coment\u00f3: \u201chemos apalancado recursos por sobre los 400 millones de pesos para instalar estor tres cruces de sem\u00e1foros y reparar varias calles de nuestra ciudad que estar repletas de baches. Todas estas necesidades son demandas que por a\u00f1os vecinas y vecinos de diversos sectores de la comuna han venido solicitando y estamos contentos der haber podido materializar sus requerimientos, dando un paso importante en convertir a Temuco en una ciudad segura en materias viales\u201d.<\/p>\n<p><strong>Demanda hist\u00f3rica<\/strong><\/p>\n<p>Muy contenta con la aprobaci\u00f3n de los recursos que permitir\u00e1 instalar el cruce semaforizado de Avenida Gabriela Mistral con calle recreo, intersecci\u00f3n que por a\u00f1os tuvo varios accidentes vehiculares y atroperllos de personas, la presidenta de la Junta de Vecinos Campos Deportivos, Roxana Flores, se\u00f1al\u00f3: \u201chemos recibido esta noticia con mucha alegr\u00eda para nuestra comunidad de la pronta instalaci\u00f3n de este cruce de sem\u00e1foros en Recreo con Gabriela Mistral, obra muy anhelada ya que hace tiempo nos hemos visto afectados por muchos accidentes y atropellos, adem\u00e1s de la imposibilidad de cruzar las calles en horarios punta para nuestros adultos mayores, que son la poblaci\u00f3n de mayor riesgo. Agradecemos profundamente la gesti\u00f3n del alcalde Neira por el apoyo que materializar\u00e1 este gran proyecto\u201d.<\/p>\n<p>Cabe destacar que los sem\u00e1foros son dispositivos de se\u00f1alizaci\u00f3n mediante los cuales se regula la circulaci\u00f3n de veh\u00edculos, bicicletas y peatones en v\u00edas, asignando el derecho de paso o prelaci\u00f3n de veh\u00edculos y peatones secuencialmente. De esta manera, se entrega m\u00e1s seguridad a los diferentes modos, disminuyendo los riesgos de siniestros, muchos de los cuales fueron reiterativos en estos cruces que ser\u00e1n semaforizados y que por a\u00f1os fue el anhelo de vecinas y vecinos de sus respectivos sectores.<\/p>\n<p>Finalmente, el municipio inform\u00f3 que, a esta inversi\u00f3n, se suma la reparaci\u00f3n de baches de emergencia para los sectores Villa los R\u00edos, Estadio, Raluncoyan, Caupolic\u00e1n Alemania y Las Encinas, inversi\u00f3n por $117 mil millones, iniciativa postulada a la Subsecretar\u00eda de Desarrollo Regional en proceso de evaluaci\u00f3n y que ser\u00e1 ejecutada tambi\u00e9n este segundo semestre en el marco del Plan Buen Vivir.<\/p>\n","protected":false},"excerpt":{"rendered":"<p>Gracias a recursos del Plan Buen Vivir impulsado por el Gobierno de Chile, la Municipalidad de Temuco ejecutar\u00e1 la instalaci\u00f3n de tres nuevos cruces de&#8230;<\/p>\n","protected":false},"author":2,"featured_media":20386,"comment_status":"closed","ping_status":"open","sticky":false,"template":"","format":"standard","meta":{"footnotes":""},"categories":[267,3],"tags":[],"_links":{"self":[{"href":"http:\/\/www.primeranota.cl\/web\/wp-json\/wp\/v2\/posts\/20385"}],"collection":[{"href":"http:\/\/www.primeranota.cl\/web\/wp-json\/wp\/v2\/posts"}],"about":[{"href":"http:\/\/www.primeranota.cl\/web\/wp-json\/wp\/v2\/types\/post"}],"author":[{"embeddable":true,"href":"http:\/\/www.primeranota.cl\/web\/wp-json\/wp\/v2\/users\/2"}],"replies":[{"embeddable":true,"href":"http:\/\/www.primeranota.cl\/web\/wp-json\/wp\/v2\/comments?post=20385"}],"version-history":[{"count":1,"href":"http:\/\/www.primeranota.cl\/web\/wp-json\/wp\/v2\/posts\/20385\/revisions"}],"predecessor-version":[{"id":20387,"href":"http:\/\/www.primeranota.cl\/web\/wp-json\/wp\/v2\/posts\/20385\/revisions\/20387"}],"wp:featuredmedia":[{"embeddable":true,"href":"http:\/\/www.primeranota.cl\/web\/wp-json\/wp\/v2\/media\/20386"}],"wp:attachment":[{"href":"http:\/\/www.primeranota.cl\/web\/wp-json\/wp\/v2\/media?parent=20385"}],"wp:term":[{"taxonomy":"category","embeddable":true,"href":"http:\/\/www.primeranota.cl\/web\/wp-json\/wp\/v2\/categories?post=20385"},{"taxonomy":"post_tag","embeddable":true,"href":"http:\/\/www.primeranota.cl\/web\/wp-json\/wp\/v2\/tags?post=20385"}],"curies":[{"name":"wp","href":"https:\/\/api.w.org\/{rel}","templated":true}]}}