{"id":20492,"date":"2024-02-12T14:48:44","date_gmt":"2024-02-12T17:48:44","guid":{"rendered":"http:\/\/www.primeranota.cl\/web\/?p=20492"},"modified":"2024-02-12T14:48:44","modified_gmt":"2024-02-12T17:48:44","slug":"frontel-realizo-exitosa-oficina-en-terreno-en-la-comuna-de-perquenco","status":"publish","type":"post","link":"http:\/\/www.primeranota.cl\/web\/portada\/frontel-realizo-exitosa-oficina-en-terreno-en-la-comuna-de-perquenco\/","title":{"rendered":"Frontel realiz\u00f3 exitosa oficina en terreno en la comuna de Perquenco"},"content":{"rendered":"<p>M\u00e1s de 50 usuarios llegaron hasta la oficina en terreno que instal\u00f3 Frontel en la comuna de Perquenco este viernes. Durante la jornada, vecinos y vecinas recibieron atenci\u00f3n personalizada por parte de ejecutivos de la compa\u00f1\u00eda el\u00e9ctrica, aclarando dudas e inquietudes sobre el servicio que Frontel entrega en la comuna.<\/p>\n<p>El jefe de servicio al cliente de Frontel, Juan Pablo S\u00e1nchez, al respecto se\u00f1al\u00f3 que \u201cpara nosotros como compa\u00f1\u00eda esta es una actividad que se est\u00e1 posicionando cada vez m\u00e1s en nuestra zona con muy buenos resultados, ya que nuestros clientes valoran que nos acerquemos a las comunas y localidades donde no hay oficina y puedan realizar sus tr\u00e1mites de manera segura y confiable, cerca de sus domicilios\u201d.<\/p>\n<p>Por su parte el alcalde de la comuna, Alejandro Sepulveda, qui\u00e9n fue uno de los impulsores de la jornada, enfatiz\u00f3 que \u201cEsto es muy importante para la comuna, le agradecemos a Frontel por este espacio ya que as\u00ed nuestros vecinos y vecinas tanto urbanos como rurales, puedan salir de algunas dudas y tambi\u00e9n puedan pagar su consumo. Le ofrecemos a Frontel que puedan realizar esta actividad, cuando puedan, principalmente en estos d\u00edas de pago de nuestros habitantes\u201d.<\/p>\n<p>En tanto, una de las vecinas de Perquenco, Susana Ras, valor\u00f3 esta iniciativa y destac\u00f3 que \u201cPara m\u00ed es mucho mejor que Frontel pueda llegar hasta la comuna, ya que hay muchas personas que les cuesta viajar a Lautaro. Tal como mi mam\u00e1 que es adulto mayor y vio por el Facebook de esta oficina y me mand\u00f3 a realizar los tr\u00e1mites. Para ella y para todos los adultos mayores es mucho m\u00e1s c\u00f3modo y f\u00e1cil.\u201d<\/p>\n<p>Cabe se\u00f1alar que esta iniciativa de la compa\u00f1\u00eda se estar\u00e1 realizando en diversas comunas de la regi\u00f3n durante este 2024 para entregar un servicio cercano y personalizado a los clientes de Frontel en la zona.<\/p>\n","protected":false},"excerpt":{"rendered":"<p>M\u00e1s de 50 usuarios llegaron hasta la oficina en terreno que instal\u00f3 Frontel en la comuna de Perquenco este viernes. Durante la jornada, vecinos y&#8230;<\/p>\n","protected":false},"author":2,"featured_media":20493,"comment_status":"closed","ping_status":"open","sticky":false,"template":"","format":"standard","meta":{"footnotes":""},"categories":[267],"tags":[],"_links":{"self":[{"href":"http:\/\/www.primeranota.cl\/web\/wp-json\/wp\/v2\/posts\/20492"}],"collection":[{"href":"http:\/\/www.primeranota.cl\/web\/wp-json\/wp\/v2\/posts"}],"about":[{"href":"http:\/\/www.primeranota.cl\/web\/wp-json\/wp\/v2\/types\/post"}],"author":[{"embeddable":true,"href":"http:\/\/www.primeranota.cl\/web\/wp-json\/wp\/v2\/users\/2"}],"replies":[{"embeddable":true,"href":"http:\/\/www.primeranota.cl\/web\/wp-json\/wp\/v2\/comments?post=20492"}],"version-history":[{"count":1,"href":"http:\/\/www.primeranota.cl\/web\/wp-json\/wp\/v2\/posts\/20492\/revisions"}],"predecessor-version":[{"id":20494,"href":"http:\/\/www.primeranota.cl\/web\/wp-json\/wp\/v2\/posts\/20492\/revisions\/20494"}],"wp:featuredmedia":[{"embeddable":true,"href":"http:\/\/www.primeranota.cl\/web\/wp-json\/wp\/v2\/media\/20493"}],"wp:attachment":[{"href":"http:\/\/www.primeranota.cl\/web\/wp-json\/wp\/v2\/media?parent=20492"}],"wp:term":[{"taxonomy":"category","embeddable":true,"href":"http:\/\/www.primeranota.cl\/web\/wp-json\/wp\/v2\/categories?post=20492"},{"taxonomy":"post_tag","embeddable":true,"href":"http:\/\/www.primeranota.cl\/web\/wp-json\/wp\/v2\/tags?post=20492"}],"curies":[{"name":"wp","href":"https:\/\/api.w.org\/{rel}","templated":true}]}}