{"id":20525,"date":"2026-03-12T12:09:20","date_gmt":"2026-03-12T15:09:20","guid":{"rendered":"http:\/\/www.primeranota.cl\/web\/?p=20525"},"modified":"2026-03-12T12:09:20","modified_gmt":"2026-03-12T15:09:20","slug":"arquitecto-chileno-smiljan-radic-obtiene-el-premio-pritzker-2026-el-nobel-de-la-arquitectura","status":"publish","type":"post","link":"http:\/\/www.primeranota.cl\/web\/portada\/arquitecto-chileno-smiljan-radic-obtiene-el-premio-pritzker-2026-el-nobel-de-la-arquitectura\/","title":{"rendered":"Arquitecto chileno Smiljan Radi\u0107 obtiene el Premio Pritzker 2026, el \u201cNobel de la arquitectura\u201d"},"content":{"rendered":"<p>Por segunda vez en la historia, un arquitecto chileno recibe el m\u00e1ximo reconocimiento mundial en arquitectura. El arquitecto Smiljan Radi\u0107 fue distinguido con el Premio Pritzker 2026, conocido internacionalmente como el \u201cNobel de la arquitectura\u201d, en reconocimiento a su innovador y experimental enfoque en el dise\u00f1o arquitect\u00f3nico.<br \/>\nEl galard\u00f3n es otorgado por la Fundaci\u00f3n Hyatt y contempla, adem\u00e1s del prestigio internacional, un premio de 100 mil d\u00f3lares para el ganador. El jurado destac\u00f3 el trabajo de Radi\u0107 por su capacidad de combinar creatividad, sensibilidad con el entorno y propuestas arquitect\u00f3nicas que desaf\u00edan los l\u00edmites tradicionales del dise\u00f1o.<br \/>\nEn esta edici\u00f3n del premio tambi\u00e9n particip\u00f3 como integrante del jurado el arquitecto chileno Alejandro Aravena, quien en 2016 se convirti\u00f3 en el primer compatriota en recibir este reconocimiento, marcando un hito para la arquitectura nacional.<br \/>\nCon este reconocimiento, Radi\u0107 se transforma en el quinto arquitecto latinoamericano en obtener el Premio Pritzker, sum\u00e1ndose a una destacada lista de referentes de la arquitectura mundial como Luis Barrag\u00e1n (1980), Oscar Niemeyer (1988), Paulo Mendes da Rocha (2006) y el propio Alejandro Aravena.<br \/>\nLa distinci\u00f3n a Smiljan Radi\u0107 vuelve a posicionar a Chile en el escenario global de la arquitectura contempor\u00e1nea, destacando el talento y la creatividad de sus profesionales en uno de los \u00e1mbitos m\u00e1s influyentes del dise\u00f1o y la cultura a nivel mundial.<\/p>\n","protected":false},"excerpt":{"rendered":"<p>Por segunda vez en la historia, un arquitecto chileno recibe el m\u00e1ximo reconocimiento mundial en arquitectura. El arquitecto Smiljan Radi\u0107 fue distinguido con el Premio&#8230;<\/p>\n","protected":false},"author":2,"featured_media":20526,"comment_status":"closed","ping_status":"open","sticky":false,"template":"","format":"standard","meta":{"footnotes":""},"categories":[267],"tags":[],"_links":{"self":[{"href":"http:\/\/www.primeranota.cl\/web\/wp-json\/wp\/v2\/posts\/20525"}],"collection":[{"href":"http:\/\/www.primeranota.cl\/web\/wp-json\/wp\/v2\/posts"}],"about":[{"href":"http:\/\/www.primeranota.cl\/web\/wp-json\/wp\/v2\/types\/post"}],"author":[{"embeddable":true,"href":"http:\/\/www.primeranota.cl\/web\/wp-json\/wp\/v2\/users\/2"}],"replies":[{"embeddable":true,"href":"http:\/\/www.primeranota.cl\/web\/wp-json\/wp\/v2\/comments?post=20525"}],"version-history":[{"count":1,"href":"http:\/\/www.primeranota.cl\/web\/wp-json\/wp\/v2\/posts\/20525\/revisions"}],"predecessor-version":[{"id":20527,"href":"http:\/\/www.primeranota.cl\/web\/wp-json\/wp\/v2\/posts\/20525\/revisions\/20527"}],"wp:featuredmedia":[{"embeddable":true,"href":"http:\/\/www.primeranota.cl\/web\/wp-json\/wp\/v2\/media\/20526"}],"wp:attachment":[{"href":"http:\/\/www.primeranota.cl\/web\/wp-json\/wp\/v2\/media?parent=20525"}],"wp:term":[{"taxonomy":"category","embeddable":true,"href":"http:\/\/www.primeranota.cl\/web\/wp-json\/wp\/v2\/categories?post=20525"},{"taxonomy":"post_tag","embeddable":true,"href":"http:\/\/www.primeranota.cl\/web\/wp-json\/wp\/v2\/tags?post=20525"}],"curies":[{"name":"wp","href":"https:\/\/api.w.org\/{rel}","templated":true}]}}