{"id":20528,"date":"2026-03-12T12:22:37","date_gmt":"2026-03-12T15:22:37","guid":{"rendered":"http:\/\/www.primeranota.cl\/web\/?p=20528"},"modified":"2026-03-12T12:26:03","modified_gmt":"2026-03-12T15:26:03","slug":"francisco-ljubetic-asume-como-nuevo-delegado-presidencial-regional-de-la-araucania","status":"publish","type":"post","link":"http:\/\/www.primeranota.cl\/web\/portada\/francisco-ljubetic-asume-como-nuevo-delegado-presidencial-regional-de-la-araucania\/","title":{"rendered":"Francisco Ljubetic asume como nuevo Delegado Presidencial Regional de La Araucan\u00eda"},"content":{"rendered":"<p>El abogado y exfiscal regional Francisco Ljubetic asumi\u00f3 oficialmente como nuevo Delegado Presidencial Regional de La Araucan\u00eda, iniciando la representaci\u00f3n en el territorio del Gobierno del Presidente Jos\u00e9 Antonio Kast.<br \/>\nLa nueva autoridad recibi\u00f3 la oficina de la Delegaci\u00f3n Presidencial de manos del delegado saliente, Eduardo Abdala, quien ejerc\u00eda el cargo durante el Gobierno del exPresidente Gabriel Boric.<br \/>\nA diferencia de todos los traspasos de mando regional realizados hasta la fecha, la entrega del cargo no contempl\u00f3 una ceremonia oficial. El cambio de mando se realiz\u00f3 de manera administrativa, con la entrega directa de la oficina de la Delegaci\u00f3n Presidencial a la nueva autoridad regional.<br \/>\nEl proceso se concret\u00f3 durante la jornada de ayer, marcando el inicio de la gesti\u00f3n de Ljubetic como representante del Ejecutivo en la regi\u00f3n.<br \/>\nCon su llegada al cargo, comienza una nueva etapa en la conducci\u00f3n pol\u00edtica y administrativa del Gobierno en La Araucan\u00eda, en el marco del tercer Gobierno de derecha que asume la conducci\u00f3n del pa\u00eds.<\/p>\n","protected":false},"excerpt":{"rendered":"<p>El abogado y exfiscal regional Francisco Ljubetic asumi\u00f3 oficialmente como nuevo Delegado Presidencial Regional de La Araucan\u00eda, iniciando la representaci\u00f3n en el territorio del Gobierno&#8230;<\/p>\n","protected":false},"author":2,"featured_media":20531,"comment_status":"closed","ping_status":"open","sticky":false,"template":"","format":"standard","meta":{"footnotes":""},"categories":[267],"tags":[],"_links":{"self":[{"href":"http:\/\/www.primeranota.cl\/web\/wp-json\/wp\/v2\/posts\/20528"}],"collection":[{"href":"http:\/\/www.primeranota.cl\/web\/wp-json\/wp\/v2\/posts"}],"about":[{"href":"http:\/\/www.primeranota.cl\/web\/wp-json\/wp\/v2\/types\/post"}],"author":[{"embeddable":true,"href":"http:\/\/www.primeranota.cl\/web\/wp-json\/wp\/v2\/users\/2"}],"replies":[{"embeddable":true,"href":"http:\/\/www.primeranota.cl\/web\/wp-json\/wp\/v2\/comments?post=20528"}],"version-history":[{"count":1,"href":"http:\/\/www.primeranota.cl\/web\/wp-json\/wp\/v2\/posts\/20528\/revisions"}],"predecessor-version":[{"id":20530,"href":"http:\/\/www.primeranota.cl\/web\/wp-json\/wp\/v2\/posts\/20528\/revisions\/20530"}],"wp:featuredmedia":[{"embeddable":true,"href":"http:\/\/www.primeranota.cl\/web\/wp-json\/wp\/v2\/media\/20531"}],"wp:attachment":[{"href":"http:\/\/www.primeranota.cl\/web\/wp-json\/wp\/v2\/media?parent=20528"}],"wp:term":[{"taxonomy":"category","embeddable":true,"href":"http:\/\/www.primeranota.cl\/web\/wp-json\/wp\/v2\/categories?post=20528"},{"taxonomy":"post_tag","embeddable":true,"href":"http:\/\/www.primeranota.cl\/web\/wp-json\/wp\/v2\/tags?post=20528"}],"curies":[{"name":"wp","href":"https:\/\/api.w.org\/{rel}","templated":true}]}}