{"id":2129,"date":"2018-08-28T08:34:27","date_gmt":"2018-08-28T11:34:27","guid":{"rendered":"http:\/\/www.primeranota.cl\/web\/?p=2129"},"modified":"2018-08-28T08:34:27","modified_gmt":"2018-08-28T11:34:27","slug":"dc-califico-como-acto-hostil-permanencia-de-castillo","status":"publish","type":"post","link":"http:\/\/www.primeranota.cl\/web\/pais\/dc-califico-como-acto-hostil-permanencia-de-castillo\/","title":{"rendered":"DC calific\u00f3 como Acto Hostil permanencia de Castillo"},"content":{"rendered":"<p>A trav\u00e9s de una declaraci\u00f3n p\u00fablica el consejo nacional de la Democracia Cristiana se\u00f1al\u00f3, que &#8220;la permanencia de Castillo en el cargo de subsecretario de redes asistenciales del Ministerio de Salud, condiciona nuestra relaci\u00f3n como partido de oposici\u00f3n, por lo que \u00e9sta relaci\u00f3n limitar\u00e1 a las instancias formales e institucionales, particularmente en las comisiones legislativas del Congreso&#8221; dice la declaraci\u00f3n de la DC,<\/p>\n<p>Asimismo agrega &#8220;la permanencia de Luis Castillo constituye un acto hostil no s\u00f3lo para la familia Frei y el partido Dem\u00f3crata Cristiano sino que, para todas las v\u00edctimas de violaciones a los DD.HH., especialmente para quienes a\u00fan no pueden conocer la verdad de lo ocurrido con sus familiares producto de los pactos de silencio que a\u00fan operan&#8221; asegura el texto.<\/p>\n<p>La DC expresa en su declaraci\u00f3n que &#8220;queremos insistir en nuestro rechazo a la decisi\u00f3n presidencial de instalar, justo en estos momentos, y en una alta funci\u00f3n p\u00fablica a una persona que habiendo tenido conocimiento el a\u00f1o 2000 de informaci\u00f3n \u00fatil sobre las circunstancias de la muerte del Presidente Eduardo Frei Montalva, datos a los que no ten\u00edan acceso ni los querellantes, ni el juez, y sabiendo que su familia clamaba por cooperaci\u00f3n, estim\u00f3 del caso, por las razones que fueren, mantener bajo reserva esos datos&#8221; puntualiza.<\/p>\n<p>El Consejo Nacional de la DC expresa que &#8220;sabemos que el pa\u00eds comprende y comparte nuestra decisi\u00f3n de cortar relaci\u00f3n pol\u00edtica con un funcionario que, en esta materia, ha tenido una actitud \u00e9ticamente reprochable&#8221; concluye.<\/p>\n","protected":false},"excerpt":{"rendered":"<p>A trav\u00e9s de una declaraci\u00f3n p\u00fablica el consejo nacional de la Democracia Cristiana se\u00f1al\u00f3, que &#8220;la permanencia de Castillo en el cargo de subsecretario de&#8230;<\/p>\n","protected":false},"author":2,"featured_media":2034,"comment_status":"closed","ping_status":"open","sticky":false,"template":"","format":"standard","meta":{"footnotes":""},"categories":[4,267],"tags":[],"_links":{"self":[{"href":"http:\/\/www.primeranota.cl\/web\/wp-json\/wp\/v2\/posts\/2129"}],"collection":[{"href":"http:\/\/www.primeranota.cl\/web\/wp-json\/wp\/v2\/posts"}],"about":[{"href":"http:\/\/www.primeranota.cl\/web\/wp-json\/wp\/v2\/types\/post"}],"author":[{"embeddable":true,"href":"http:\/\/www.primeranota.cl\/web\/wp-json\/wp\/v2\/users\/2"}],"replies":[{"embeddable":true,"href":"http:\/\/www.primeranota.cl\/web\/wp-json\/wp\/v2\/comments?post=2129"}],"version-history":[{"count":1,"href":"http:\/\/www.primeranota.cl\/web\/wp-json\/wp\/v2\/posts\/2129\/revisions"}],"predecessor-version":[{"id":2130,"href":"http:\/\/www.primeranota.cl\/web\/wp-json\/wp\/v2\/posts\/2129\/revisions\/2130"}],"wp:featuredmedia":[{"embeddable":true,"href":"http:\/\/www.primeranota.cl\/web\/wp-json\/wp\/v2\/media\/2034"}],"wp:attachment":[{"href":"http:\/\/www.primeranota.cl\/web\/wp-json\/wp\/v2\/media?parent=2129"}],"wp:term":[{"taxonomy":"category","embeddable":true,"href":"http:\/\/www.primeranota.cl\/web\/wp-json\/wp\/v2\/categories?post=2129"},{"taxonomy":"post_tag","embeddable":true,"href":"http:\/\/www.primeranota.cl\/web\/wp-json\/wp\/v2\/tags?post=2129"}],"curies":[{"name":"wp","href":"https:\/\/api.w.org\/{rel}","templated":true}]}}