{"id":2200,"date":"2018-08-30T22:21:43","date_gmt":"2018-08-31T01:21:43","guid":{"rendered":"http:\/\/www.primeranota.cl\/web\/?p=2200"},"modified":"2018-08-30T22:21:43","modified_gmt":"2018-08-31T01:21:43","slug":"huenchumilla-solicita-politica-de-estado-que-fortalezca-la-salud-bucal","status":"publish","type":"post","link":"http:\/\/www.primeranota.cl\/web\/pais\/huenchumilla-solicita-politica-de-estado-que-fortalezca-la-salud-bucal\/","title":{"rendered":"Huenchumilla solicita pol\u00edtica de Estado que fortalezca la salud bucal"},"content":{"rendered":"<p>El parlamentario puntualiz\u00f3 que el escenario actual de la salud bucal de los chilenos presenta cifras bastante reveladoras, basta se\u00f1alar que el 70% de la poblaci\u00f3n chilena entre 65 y 74 a\u00f1os presenta un desdentamiento, mientras que el 64% de los encuestados se\u00f1ala que hace m\u00e1s de un a\u00f1o no visita el dentista.<\/p>\n<p>En esa l\u00ednea, el representante de La Araucan\u00eda agreg\u00f3 que la idea es elevar el est\u00e1ndar del sistema odontol\u00f3gico que posee actualmente el Estado a nivel ministerial. Con el objeto de mejorar la salud de las familias chilenas, el senador Francisco Huenchumilla present\u00f3 un proyecto de acuerdo que pide al Presidente de la Rep\u00fablica y al ministro de Salud, realizar un estudio para la implementaci\u00f3n de una Direcci\u00f3n Nacional de Odontolog\u00eda con su correspondiente Sub-Secretar\u00eda.<\/p>\n<p> \u201cEs necesario cambiar el paradigma para que la odontolog\u00eda sea tratada tal como es, como una ciencia aparte de la medicina, que tiene sus propias enfermedades como las caries, maloclusi\u00f3n, enfermedad peridontal, y enfermedades bucomaxilofaciales en general\u201d, afirm\u00f3 Huenchumilla.<\/p>\n<p>Finalmente, el senador DC aclar\u00f3 que est\u00e1n pidiendo formalmente que el Ministro de Salud, priorice la salud dental de las chilenas y chilenos, y que genere una nueva Pol\u00edtica de Estado de Salud Bucal.<\/p>\n","protected":false},"excerpt":{"rendered":"<p>El parlamentario puntualiz\u00f3 que el escenario actual de la salud bucal de los chilenos presenta cifras bastante reveladoras, basta se\u00f1alar que el 70% de la&#8230;<\/p>\n","protected":false},"author":2,"featured_media":1363,"comment_status":"closed","ping_status":"open","sticky":false,"template":"","format":"standard","meta":{"footnotes":""},"categories":[4,267],"tags":[],"_links":{"self":[{"href":"http:\/\/www.primeranota.cl\/web\/wp-json\/wp\/v2\/posts\/2200"}],"collection":[{"href":"http:\/\/www.primeranota.cl\/web\/wp-json\/wp\/v2\/posts"}],"about":[{"href":"http:\/\/www.primeranota.cl\/web\/wp-json\/wp\/v2\/types\/post"}],"author":[{"embeddable":true,"href":"http:\/\/www.primeranota.cl\/web\/wp-json\/wp\/v2\/users\/2"}],"replies":[{"embeddable":true,"href":"http:\/\/www.primeranota.cl\/web\/wp-json\/wp\/v2\/comments?post=2200"}],"version-history":[{"count":1,"href":"http:\/\/www.primeranota.cl\/web\/wp-json\/wp\/v2\/posts\/2200\/revisions"}],"predecessor-version":[{"id":2201,"href":"http:\/\/www.primeranota.cl\/web\/wp-json\/wp\/v2\/posts\/2200\/revisions\/2201"}],"wp:featuredmedia":[{"embeddable":true,"href":"http:\/\/www.primeranota.cl\/web\/wp-json\/wp\/v2\/media\/1363"}],"wp:attachment":[{"href":"http:\/\/www.primeranota.cl\/web\/wp-json\/wp\/v2\/media?parent=2200"}],"wp:term":[{"taxonomy":"category","embeddable":true,"href":"http:\/\/www.primeranota.cl\/web\/wp-json\/wp\/v2\/categories?post=2200"},{"taxonomy":"post_tag","embeddable":true,"href":"http:\/\/www.primeranota.cl\/web\/wp-json\/wp\/v2\/tags?post=2200"}],"curies":[{"name":"wp","href":"https:\/\/api.w.org\/{rel}","templated":true}]}}