{"id":2244,"date":"2018-09-01T10:31:52","date_gmt":"2018-09-01T13:31:52","guid":{"rendered":"http:\/\/www.primeranota.cl\/web\/?p=2244"},"modified":"2018-09-01T10:31:52","modified_gmt":"2018-09-01T13:31:52","slug":"carmen-frei-cuestiona-actuar-de-su-hermano-hay-situaciones-que-no-me-gustan","status":"publish","type":"post","link":"http:\/\/www.primeranota.cl\/web\/pais\/carmen-frei-cuestiona-actuar-de-su-hermano-hay-situaciones-que-no-me-gustan\/","title":{"rendered":"Carmen Frei cuestiona actuar de su hermano &#8220;Hay situaciones que no me gustan&#8221;"},"content":{"rendered":"<p><strong>&#8220;Las respuestas de lo que hace cada persona se las tienen que preguntar a ellos mismos, as\u00ed que yo hablo por m\u00ed y obviamente hay situaciones que no me gustan&#8221;, sostuvo la dirigenta de la falange, en declaraciones que publica radio Cooperativa.<\/strong><br \/>\nCarmen Frei, hija del ex presidente de la Rep\u00fablica Eduardo Frei Montalva, dej\u00f3 en claro su postura sobre la estrecha relaci\u00f3n que tiene su hermano Eduardo con el Gobierno de Sebasti\u00e1n Pi\u00f1era.<br \/>\nLa vicepresidenta de la Democracia Cristiana firm\u00f3 ayer el poder para que sus abogados Nelson Caucoto y Francisco Ug\u00e1s la representen frente al recurso de inaplicabilidad interpuesto por la defensa del m\u00e9dico Pedro Valdivia, uno de los acusados de ser c\u00f3mplices de la muerte del ex Presidente Frei Montalva, con el fin de paralizar la causa.<br \/>\nFue ah\u00ed donde se mostr\u00f3 contraria a los lazos de Eduadro Frei Ruiz-Tagle, quien es embajador del Asia Pac\u00edfico y adem\u00e1s a que su esposa, Marta Larraechea, se haya reunido con la primera dama Cecilia Morel. En medio de las diligencias por la muerte de su padre, la vicepresidenta de la DC mostr\u00f3 su postura. Adem\u00e1s en la falange se suman cr\u00edticas al ex presidente Frei Ruiz-Tagle.<br \/>\nTodo esto en el marco de las cr\u00edticas realizadas por la DC contra el nombramiento de Luis Castillo como Subsecretario de Redes Asistenciales, quien es acusado de ocultar la autopsia del ex Presidente Eduardo Frei Montalva.<br \/>\nA esto se suma los duros cuestionamientos hechos por el diputado DC Ra\u00fal Soto, quien se lanz\u00f3 contra Eduardo Frei Ruiz-Tagle.<br \/>\n&#8220;Yo creo que es francamente impresentable. M\u00e1s a\u00fan cuando ha sido una mujer tremendamente valiente y luchadora la que ha cargado con una mochila toda su vida para poder esclarecer la verdad sobre la muerte de su padre. Pero me parece que es obviamente inconsecuente (que) su hermano, el otro hijo, ex presidente tambi\u00e9n, Eduardo Frei Ruiz Tagle haya mantenido silencio hasta ahora&#8221;, sentenci\u00f3.<\/p>\n","protected":false},"excerpt":{"rendered":"<p>&#8220;Las respuestas de lo que hace cada persona se las tienen que preguntar a ellos mismos, as\u00ed que yo hablo por m\u00ed y obviamente hay&#8230;<\/p>\n","protected":false},"author":2,"featured_media":2245,"comment_status":"closed","ping_status":"open","sticky":false,"template":"","format":"standard","meta":{"footnotes":""},"categories":[4,267],"tags":[],"_links":{"self":[{"href":"http:\/\/www.primeranota.cl\/web\/wp-json\/wp\/v2\/posts\/2244"}],"collection":[{"href":"http:\/\/www.primeranota.cl\/web\/wp-json\/wp\/v2\/posts"}],"about":[{"href":"http:\/\/www.primeranota.cl\/web\/wp-json\/wp\/v2\/types\/post"}],"author":[{"embeddable":true,"href":"http:\/\/www.primeranota.cl\/web\/wp-json\/wp\/v2\/users\/2"}],"replies":[{"embeddable":true,"href":"http:\/\/www.primeranota.cl\/web\/wp-json\/wp\/v2\/comments?post=2244"}],"version-history":[{"count":1,"href":"http:\/\/www.primeranota.cl\/web\/wp-json\/wp\/v2\/posts\/2244\/revisions"}],"predecessor-version":[{"id":2246,"href":"http:\/\/www.primeranota.cl\/web\/wp-json\/wp\/v2\/posts\/2244\/revisions\/2246"}],"wp:featuredmedia":[{"embeddable":true,"href":"http:\/\/www.primeranota.cl\/web\/wp-json\/wp\/v2\/media\/2245"}],"wp:attachment":[{"href":"http:\/\/www.primeranota.cl\/web\/wp-json\/wp\/v2\/media?parent=2244"}],"wp:term":[{"taxonomy":"category","embeddable":true,"href":"http:\/\/www.primeranota.cl\/web\/wp-json\/wp\/v2\/categories?post=2244"},{"taxonomy":"post_tag","embeddable":true,"href":"http:\/\/www.primeranota.cl\/web\/wp-json\/wp\/v2\/tags?post=2244"}],"curies":[{"name":"wp","href":"https:\/\/api.w.org\/{rel}","templated":true}]}}