{"id":2251,"date":"2018-09-02T11:01:22","date_gmt":"2018-09-02T14:01:22","guid":{"rendered":"http:\/\/www.primeranota.cl\/web\/?p=2251"},"modified":"2018-09-02T11:01:22","modified_gmt":"2018-09-02T14:01:22","slug":"presidente-pinera-hay-una-oposicion-que-se-opone-a-todo-lo-que-propone-el-gobierno","status":"publish","type":"post","link":"http:\/\/www.primeranota.cl\/web\/pais\/presidente-pinera-hay-una-oposicion-que-se-opone-a-todo-lo-que-propone-el-gobierno\/","title":{"rendered":"Presidente Pi\u00f1era: &#8220;Hay una oposici\u00f3n que se opone a todo lo que propone el gobierno&#8221;"},"content":{"rendered":"<p>El Presidente Sebasti\u00e1n Pi\u00f1erarealiz\u00f3 un balance de la compleja semana que enfrent\u00f3 La Moneda, marcada por el tenso debate por el sueldo m\u00ednimo -se propuso un alza del 6% con la plurianualidad y se rechaz\u00f3-, la cuestionada reforma tributaria y la crisis ambiental que viven los habitantes de Quintero y Puchuncav\u00ed, situaciones que han levantado cr\u00edticas hacia su gesti\u00f3n por parte de la oposici\u00f3n.<br \/>\nSobre lo \u00faltimo, el jefe de Estado se\u00f1al\u00f3 a El Mercurio que existe una oposici\u00f3n &#8220;que hace lo imposible para que a este gobierno le vaya mal&#8221;. &#8220;Hay una parte que tiene tantas ansias y vocaci\u00f3n por volver al poder que piensa que el mejor camino para lograrlo es oponi\u00e9ndose a todo lo que propone nuestro gobierno, para que le vaya mal. La buena marcha de un pa\u00eds no solo requiere de un bien gobierno. Tambi\u00e9n necesita de una buena oposici\u00f3n&#8221;, agreg\u00f3.<br \/>\nRespecto al salario m\u00ednimo, Pi\u00f1era indic\u00f3 que el reajuste propuesto por el oficialismo &#8220;era mayor a todos los que se dieron, por ejemplo, en los dos gobiernos de la Presidenta Bachelet. Y los mismos que votaron a favor en sus tiempos, hoy votaron en contra&#8221;.<br \/>\nEl Presidente tambi\u00e9n respondi\u00f3 sobre los episodios de contaminaci\u00f3n en Quintero y Puchuncav\u00ed, comunas de la Regi\u00f3n de Valpara\u00edso que se encuentran con alerta amarilla. Sobre esto, dej\u00f3 claro que &#8220;como Presidente prefiero esperar los resultados m\u00e1s definitivos de los estudios que se est\u00e1n llevando a cabo y esperamos tenerlos la pr\u00f3xima semana&#8221;, a\u00f1adiendo que no tiene certeza si Enap es la empresa responsable de la intoxicaci\u00f3n de m\u00e1s de 300 personas, como s\u00ed lo hab\u00eda dejado entrever la titular de Medio Ambiente, Carolina Schmidt. &#8220;La ministra, en base a un preinforme de la superintendencia dijo que hab\u00eda presunciones de que Enap pod\u00eda tener responsabilidad&#8221;, afirm\u00f3.<\/p>\n","protected":false},"excerpt":{"rendered":"<p>El Presidente Sebasti\u00e1n Pi\u00f1erarealiz\u00f3 un balance de la compleja semana que enfrent\u00f3 La Moneda, marcada por el tenso debate por el sueldo m\u00ednimo -se propuso&#8230;<\/p>\n","protected":false},"author":2,"featured_media":1906,"comment_status":"closed","ping_status":"open","sticky":false,"template":"","format":"standard","meta":{"footnotes":""},"categories":[4,267],"tags":[],"_links":{"self":[{"href":"http:\/\/www.primeranota.cl\/web\/wp-json\/wp\/v2\/posts\/2251"}],"collection":[{"href":"http:\/\/www.primeranota.cl\/web\/wp-json\/wp\/v2\/posts"}],"about":[{"href":"http:\/\/www.primeranota.cl\/web\/wp-json\/wp\/v2\/types\/post"}],"author":[{"embeddable":true,"href":"http:\/\/www.primeranota.cl\/web\/wp-json\/wp\/v2\/users\/2"}],"replies":[{"embeddable":true,"href":"http:\/\/www.primeranota.cl\/web\/wp-json\/wp\/v2\/comments?post=2251"}],"version-history":[{"count":1,"href":"http:\/\/www.primeranota.cl\/web\/wp-json\/wp\/v2\/posts\/2251\/revisions"}],"predecessor-version":[{"id":2252,"href":"http:\/\/www.primeranota.cl\/web\/wp-json\/wp\/v2\/posts\/2251\/revisions\/2252"}],"wp:featuredmedia":[{"embeddable":true,"href":"http:\/\/www.primeranota.cl\/web\/wp-json\/wp\/v2\/media\/1906"}],"wp:attachment":[{"href":"http:\/\/www.primeranota.cl\/web\/wp-json\/wp\/v2\/media?parent=2251"}],"wp:term":[{"taxonomy":"category","embeddable":true,"href":"http:\/\/www.primeranota.cl\/web\/wp-json\/wp\/v2\/categories?post=2251"},{"taxonomy":"post_tag","embeddable":true,"href":"http:\/\/www.primeranota.cl\/web\/wp-json\/wp\/v2\/tags?post=2251"}],"curies":[{"name":"wp","href":"https:\/\/api.w.org\/{rel}","templated":true}]}}