{"id":2256,"date":"2018-09-02T11:12:41","date_gmt":"2018-09-02T14:12:41","guid":{"rendered":"http:\/\/www.primeranota.cl\/web\/?p=2256"},"modified":"2018-09-02T11:12:41","modified_gmt":"2018-09-02T14:12:41","slug":"a-6-meses-pinera-con-peor-evaluacion-que-en-su-primer-gobierno","status":"publish","type":"post","link":"http:\/\/www.primeranota.cl\/web\/pais\/a-6-meses-pinera-con-peor-evaluacion-que-en-su-primer-gobierno\/","title":{"rendered":"A 6 meses Pi\u00f1era con peor evaluaci\u00f3n que en su primer gobierno"},"content":{"rendered":"<p>Aprobaci\u00f3n cerr\u00f3 agosto en 47%, cinco puntos debajo que igual mes de 2010. Algunas \u00e1reas de gesti\u00f3n tambi\u00e9n se encuentran peor evaluadas que hace ocho a\u00f1os.<br \/>\nSebasti\u00e1n Pi\u00f1era se apresta a concluir sus primeros seis meses de gobierno tras su retorno a La Moneda en marzo pasado y, seg\u00fan los resultados de la encuesta Cadem, con un retroceso significativo en su evaluaci\u00f3n no solo respecto de sus primeras semanas en Palacio, sino que tambi\u00e9n -aunque en menor medida- respecto de igual periodo en 2010.<br \/>\nDe acuerdo al sondeo, el Mandatario cierra agosto con una aprobaci\u00f3n de 47%, lejos de los peak de 60% marcados a mediados de abril (cuando cumpl\u00eda un mes en Palacio) y a mediados de junio, fecha en que comenz\u00f3 un declive hasta anotar m\u00ednimos de 45% en las tres primeras semanas de agosto.<br \/>\nEn un desagregado, Pi\u00f1era promedi\u00f3 los primeros tres meses de su nueva administraci\u00f3n un 56% de aprobaci\u00f3n, mientras que el trimestre junio-julio-agosto la media cay\u00f3 a 52%. Comparado con 2010, en tanto, el nivel de aprobaci\u00f3n actual del Presidente se ubica cinco puntos por debajo del guarismo alcanzando a fines de agosto de ese a\u00f1o (52%), fecha en que la adhesi\u00f3n a su gesti\u00f3n comenz\u00f3 a subir luego de que se encontrara con vida al grupo de 33 mineros atrapados en San Jos\u00e9.<br \/>\n \u201cPi\u00f1era tuvo un muy buen inicio, quiz\u00e1s el mejor que ha visto un Presidente desde el 90, a pesar de que las fuentes no son exactamente las mismas, y esa aprobaci\u00f3n ha tendido a frustrarse en los tres \u00faltimos meses por dos grandes razones: frustraci\u00f3n de expectativas asociadas al desorden, muy relacionado con su gabinete, y frustraci\u00f3n de expectativas asociadas a la econom\u00eda\u201d, explica Roberto Izikson, gerente de asuntos p\u00fablicos de Cadem.<br \/>\nDe acuerdo a Cadem, la evoluci\u00f3n que ha tenido el nivel de aprobaci\u00f3n a la gesti\u00f3n del Presidente Pi\u00f1era se condice con el deterioro de las expectativas de los entrevistados. Mientras que la primera semana de marzo quienes se declaraban optimistas acerca del \u201cfuturo del pa\u00eds\u201d llegaban al 61%, en la \u00faltima medici\u00f3n de agosto esa cifra llega a un 46%, mientras que los que se declaraban pesimistas, aumentaron en el mismo lapso desde 18% a 26%.<br \/>\nLas expectativas sobre el empleo tambi\u00e9n han mostrado un retroceso en los \u00faltimos seis meses, pasando de 42% quienes se\u00f1alaban que la situaci\u00f3n era \u201cmuy buena o buena\u201d a inicios de marzo, a un 31% actual. A su vez, quienes consideran que la situaci\u00f3n laboral es \u201cmala o muy mala\u201d aumentaron de 49% a 60%. Otra variable con un cambio significativo es la expectativa sobre el consumo, pasando de 58% a 47% en seis meses quienes consideran que \u201cla situaci\u00f3n econ\u00f3mica de los consumidores\u201d es muy \u201cbuena o buena\u201d. En contraste, quienes la calificaron como mala pasaron de 34% a 43% en el mismo periodo.<\/p>\n","protected":false},"excerpt":{"rendered":"<p>Aprobaci\u00f3n cerr\u00f3 agosto en 47%, cinco puntos debajo que igual mes de 2010. Algunas \u00e1reas de gesti\u00f3n tambi\u00e9n se encuentran peor evaluadas que hace ocho&#8230;<\/p>\n","protected":false},"author":2,"featured_media":1918,"comment_status":"closed","ping_status":"open","sticky":false,"template":"","format":"standard","meta":{"footnotes":""},"categories":[4,267],"tags":[],"_links":{"self":[{"href":"http:\/\/www.primeranota.cl\/web\/wp-json\/wp\/v2\/posts\/2256"}],"collection":[{"href":"http:\/\/www.primeranota.cl\/web\/wp-json\/wp\/v2\/posts"}],"about":[{"href":"http:\/\/www.primeranota.cl\/web\/wp-json\/wp\/v2\/types\/post"}],"author":[{"embeddable":true,"href":"http:\/\/www.primeranota.cl\/web\/wp-json\/wp\/v2\/users\/2"}],"replies":[{"embeddable":true,"href":"http:\/\/www.primeranota.cl\/web\/wp-json\/wp\/v2\/comments?post=2256"}],"version-history":[{"count":1,"href":"http:\/\/www.primeranota.cl\/web\/wp-json\/wp\/v2\/posts\/2256\/revisions"}],"predecessor-version":[{"id":2257,"href":"http:\/\/www.primeranota.cl\/web\/wp-json\/wp\/v2\/posts\/2256\/revisions\/2257"}],"wp:featuredmedia":[{"embeddable":true,"href":"http:\/\/www.primeranota.cl\/web\/wp-json\/wp\/v2\/media\/1918"}],"wp:attachment":[{"href":"http:\/\/www.primeranota.cl\/web\/wp-json\/wp\/v2\/media?parent=2256"}],"wp:term":[{"taxonomy":"category","embeddable":true,"href":"http:\/\/www.primeranota.cl\/web\/wp-json\/wp\/v2\/categories?post=2256"},{"taxonomy":"post_tag","embeddable":true,"href":"http:\/\/www.primeranota.cl\/web\/wp-json\/wp\/v2\/tags?post=2256"}],"curies":[{"name":"wp","href":"https:\/\/api.w.org\/{rel}","templated":true}]}}