{"id":2263,"date":"2018-09-03T07:31:19","date_gmt":"2018-09-03T10:31:19","guid":{"rendered":"http:\/\/www.primeranota.cl\/web\/?p=2263"},"modified":"2018-09-03T07:54:28","modified_gmt":"2018-09-03T10:54:28","slug":"este-jueves-06-nace-region-del-nuble","status":"publish","type":"post","link":"http:\/\/www.primeranota.cl\/web\/pais\/este-jueves-06-nace-region-del-nuble\/","title":{"rendered":"Este jueves nace regi\u00f3n del \u00d1uble"},"content":{"rendered":"<p>Se espera que el presidente Pi\u00f1era haga una visita a \u00d1uble que durar\u00eda poco m\u00e1s de 24 horas, aunque se adelantar\u00edan al mandatario la primera dama, Cecilia Morel, y el subsecretario de Desarrollo Regional, Felipe Salaberry, durante el mi\u00e9rcoles 5 de septiembre para inaugurar las Gobernaciones.<\/p>\n<p>Todav\u00eda hay algo de incertidumbre respecto de las nominaciones de los gobernadores de las provincias de Itata, Diguill\u00edn y Punilla, adem\u00e1s de la confirmaci\u00f3n de si ser\u00e1n los delegados de los seremis quienes asumir\u00e1n esas futuras tareas<br \/>\nMart\u00edn Arrau, delegado presidencial, explic\u00f3 parte del cronograma.<\/p>\n<p>Respecto de las actividades, ya se est\u00e1n realizando ya las \u00faltimas gestiones y firmas de documentos por parte de B\u00edo B\u00edo para lo que es el traspaso de funciones a \u00d1uble. De hecho, este lunes se har\u00e1 en Chill\u00e1n (futura capital de \u00d1uble) el \u00faltimo comit\u00e9 pol\u00edtico de la regi\u00f3n del B\u00edo B\u00edo tal como se conoce hasta ahora.<\/p>\n<p>No obstante, el intendente del B\u00edo B\u00edo, Jorge Ulloa, confirm\u00f3 que el nuevo territorio administrativo seguir\u00e1 dependiendo de la regi\u00f3n madre al menos hasta fin de a\u00f1o, ya que \u00d1uble reci\u00e9n podr\u00e1 contar con su propio presupuesto el 2019.<\/p>\n<p>La regi\u00f3n de \u00d1uble ser\u00e1 la m\u00e1s peque\u00f1a del pa\u00eds en superficie y poblaci\u00f3n, y de paso convertir\u00e1 a la regi\u00f3n de Valpara\u00edso como la segunda m\u00e1s poblada del pa\u00eds, relegando al B\u00edo B\u00edo a puestos inferiores en cantidad de habitantes.<\/p>\n","protected":false},"excerpt":{"rendered":"<p>Se espera que el presidente Pi\u00f1era haga una visita a \u00d1uble que durar\u00eda poco m\u00e1s de 24 horas, aunque se adelantar\u00edan al mandatario la primera&#8230;<\/p>\n","protected":false},"author":2,"featured_media":2264,"comment_status":"closed","ping_status":"open","sticky":false,"template":"","format":"standard","meta":{"footnotes":""},"categories":[4,267],"tags":[],"_links":{"self":[{"href":"http:\/\/www.primeranota.cl\/web\/wp-json\/wp\/v2\/posts\/2263"}],"collection":[{"href":"http:\/\/www.primeranota.cl\/web\/wp-json\/wp\/v2\/posts"}],"about":[{"href":"http:\/\/www.primeranota.cl\/web\/wp-json\/wp\/v2\/types\/post"}],"author":[{"embeddable":true,"href":"http:\/\/www.primeranota.cl\/web\/wp-json\/wp\/v2\/users\/2"}],"replies":[{"embeddable":true,"href":"http:\/\/www.primeranota.cl\/web\/wp-json\/wp\/v2\/comments?post=2263"}],"version-history":[{"count":2,"href":"http:\/\/www.primeranota.cl\/web\/wp-json\/wp\/v2\/posts\/2263\/revisions"}],"predecessor-version":[{"id":2276,"href":"http:\/\/www.primeranota.cl\/web\/wp-json\/wp\/v2\/posts\/2263\/revisions\/2276"}],"wp:featuredmedia":[{"embeddable":true,"href":"http:\/\/www.primeranota.cl\/web\/wp-json\/wp\/v2\/media\/2264"}],"wp:attachment":[{"href":"http:\/\/www.primeranota.cl\/web\/wp-json\/wp\/v2\/media?parent=2263"}],"wp:term":[{"taxonomy":"category","embeddable":true,"href":"http:\/\/www.primeranota.cl\/web\/wp-json\/wp\/v2\/categories?post=2263"},{"taxonomy":"post_tag","embeddable":true,"href":"http:\/\/www.primeranota.cl\/web\/wp-json\/wp\/v2\/tags?post=2263"}],"curies":[{"name":"wp","href":"https:\/\/api.w.org\/{rel}","templated":true}]}}