{"id":2266,"date":"2018-09-03T07:34:57","date_gmt":"2018-09-03T10:34:57","guid":{"rendered":"http:\/\/www.primeranota.cl\/web\/?p=2266"},"modified":"2018-09-03T07:34:57","modified_gmt":"2018-09-03T10:34:57","slug":"columna-de-ivan-cerda-la-democracia-de-las-minorias","status":"publish","type":"post","link":"http:\/\/www.primeranota.cl\/web\/pais\/columna-de-ivan-cerda-la-democracia-de-las-minorias\/","title":{"rendered":"Columna de Iv\u00e1n Cerda: La democracia de las minor\u00edas"},"content":{"rendered":"<p>         &#8220;El exceso de democracia hace mal se\u00f1ores y no nos permite crecer&#8221;, no fue la expresi\u00f3n de un tirano en el poder sino la de un connotado economista que narraba la experiencia local al referirse al derrotado desempe\u00f1o institucional en las \u00faltimas d\u00e9cadas por el excesivo respeto a las minor\u00edas representativas de su pa\u00eds mientras particip\u00e1bamos de una reciente misi\u00f3n de prospecci\u00f3n comercial en Costa Rica. La frase nos dej\u00f3 totalmente perplejos y mudos a pesar de haber averiguado previamente datos econ\u00f3micos, geogr\u00e1ficos y particularmente pol\u00edticos de ese Caribe\u00f1o pa\u00eds donde se jactan que abunda la democracia y la participaci\u00f3n ciudadana en una estructura constitucional fortalecida por la misma sociedad y que  podr\u00eda significar todo un ejemplo para Am\u00e9rica Latina. Desafortunadamente ah\u00ed existe un alto \u00edndice de ingobernabilidad pol\u00edtica producto de su generosa y amplia democracia, que a prop\u00f3sito es liderada por la tercera fuerza pol\u00edtica del pa\u00eds y donde aparentemente ejercen el poder algunas fracciones de minor\u00edas. Este es el mal de la democracia a beneficio de unos pocos, donde el actual mandatario comenta &#8220;ESTE PAIS ESTA LLENO DE FRENOS&#8221;, Costa Rica al parecer respeta en extremo a las fracciones minoritarias que son expertas y especialistas en hacer del resto sus propias demandas, el ejecutivo est\u00e1 amarrado de manos pensando m\u00e1s bien en convencer a unos pocos que en favorecer a unos muchos. La insensatez de los acuerdos y la democracia mal conducida a llevado al pa\u00eds a un evidente d\u00e9ficit de Infraestructura p\u00fablica junto a una precaria planificaci\u00f3n urbana y tecnol\u00f3gica que han creado un modelo econ\u00f3mico ralentizado, olvidando su gran potencial de recursos naturales y sus envidiables condiciones clim\u00e1ticas propicias para exportar cultivos de especies valoradas a un demandante mercado de 300 millones de consumidores ubicado estrat\u00e9gicamente pr\u00f3ximos a ellos. Al respecto confiamos que Chile seguir\u00e1 firmemente comprometido con su democracia, donde gobiernan ampliamente las mayor\u00edas pero se respetan la oposici\u00f3n y las nuevas fuerzas pol\u00edticas que agrupan una diversidad de minor\u00edas siempre que honren la libertad pero que tambi\u00e9n moralmente validen y acepten  la democracia de las mayor\u00edas.   <\/p>\n","protected":false},"excerpt":{"rendered":"<p>&#8220;El exceso de democracia hace mal se\u00f1ores y no nos permite crecer&#8221;, no fue la expresi\u00f3n de un tirano en el poder sino la de&#8230;<\/p>\n","protected":false},"author":2,"featured_media":0,"comment_status":"closed","ping_status":"open","sticky":false,"template":"","format":"standard","meta":{"footnotes":""},"categories":[4,267],"tags":[],"_links":{"self":[{"href":"http:\/\/www.primeranota.cl\/web\/wp-json\/wp\/v2\/posts\/2266"}],"collection":[{"href":"http:\/\/www.primeranota.cl\/web\/wp-json\/wp\/v2\/posts"}],"about":[{"href":"http:\/\/www.primeranota.cl\/web\/wp-json\/wp\/v2\/types\/post"}],"author":[{"embeddable":true,"href":"http:\/\/www.primeranota.cl\/web\/wp-json\/wp\/v2\/users\/2"}],"replies":[{"embeddable":true,"href":"http:\/\/www.primeranota.cl\/web\/wp-json\/wp\/v2\/comments?post=2266"}],"version-history":[{"count":1,"href":"http:\/\/www.primeranota.cl\/web\/wp-json\/wp\/v2\/posts\/2266\/revisions"}],"predecessor-version":[{"id":2267,"href":"http:\/\/www.primeranota.cl\/web\/wp-json\/wp\/v2\/posts\/2266\/revisions\/2267"}],"wp:attachment":[{"href":"http:\/\/www.primeranota.cl\/web\/wp-json\/wp\/v2\/media?parent=2266"}],"wp:term":[{"taxonomy":"category","embeddable":true,"href":"http:\/\/www.primeranota.cl\/web\/wp-json\/wp\/v2\/categories?post=2266"},{"taxonomy":"post_tag","embeddable":true,"href":"http:\/\/www.primeranota.cl\/web\/wp-json\/wp\/v2\/tags?post=2266"}],"curies":[{"name":"wp","href":"https:\/\/api.w.org\/{rel}","templated":true}]}}