{"id":2283,"date":"2018-09-03T20:22:44","date_gmt":"2018-09-03T23:22:44","guid":{"rendered":"http:\/\/www.primeranota.cl\/web\/?p=2283"},"modified":"2018-09-03T20:22:44","modified_gmt":"2018-09-03T23:22:44","slug":"senadora-carmen-gloria-aravena-lacteos-se-debe-transparentar-su-origen-a-los-consumidores","status":"publish","type":"post","link":"http:\/\/www.primeranota.cl\/web\/pais\/senadora-carmen-gloria-aravena-lacteos-se-debe-transparentar-su-origen-a-los-consumidores\/","title":{"rendered":"Senadora Carmen Gloria Aravena: \u201cl\u00e1cteos, se debe transparentar su origen a los consumidores\u201d"},"content":{"rendered":"<p>La Senadora por la Araucan\u00eda, en conjunto con el Senador Manuel Jos\u00e9 Ossand\u00f3n, presentaron un proyecto de Ley, que tiene por objeto otorgar mayor transparencia a la poblaci\u00f3n respecto del consumo de productos l\u00e1cteos, buscamos que las personas puedan elegir de manera informada el tipo de leche y producto l\u00e1cteo que van a consumir, as\u00ed como tambi\u00e9n puedan conocer el origen (lugar de orde\u00f1a) de la misma.<br \/>\nObjeto de ello, hoy en la comisi\u00f3n de Agricultura, comisi\u00f3n que es presidida por la Senadora Aravena, se dio cuenta al resto de los parlamentarios y al ejecutivo en qu\u00e9 consist\u00eda \u00e9sta moci\u00f3n, observaciones al proyecto,  cu\u00e1les eran los beneficios para consumidores y para el mercado nacional. En la instancia expuso el Presidente de la Federaci\u00f3n Gremial Nacional de Productores de Leche, (FEDELECHE), Corporaci\u00f3n Nacional de Consumidores y usuarios (Conadecus),  Direcci\u00f3n General de Relaciones Econ\u00f3micas Internacionales (DIRECON) y el ejecutivo de Agricultura.<br \/>\n\u201cEste proyecto de Ley, viene aportar en el etiquetado de la leche y sobre todo a vincular al consumidor  con una informaci\u00f3n que  tiene derecho a  acceder cada vez que compra el producto, puede no ser  lo mismo tomar una leche fresca que una leche que fue reconstituida, o  leche recombinada, donde se agreg\u00f3 incluso la materia grasa proveniente de la leche. Por otro lado, este proyecto incorpora  los productos derivados de l\u00e1cteos dado que  es importante que se informe al consumidor que tipo de leche se utiliz\u00f3 para la  elaboraci\u00f3n  un flan, un yoghurt, etc.\u201d, explic\u00f3 la Senadora Aravena.<br \/>\nPor su parte el Presidente de Fedeleche Eduardo Schwerter  (Federaci\u00f3n Gremial Nacional de Productores de Leche) se\u00f1al\u00f3 \u201cPara nosotros como productores de leche es muy importante perfeccionar el etiquetado, que se est\u00e1 tramitando hoy en el Senado, hoy m\u00e1s que nunca, porque hoy se nos ha complicado con nuevos antecedentes, hoy la industria Nestl\u00e9 ha publicado una baja en el precio adicional a lo que se ten\u00eda contemplado en el bono invierno, equivalente a $5 pesos y adicionalmente $5 pesos, lo que significa a partir del 1 de octubre se hace efectiva de 10 pesos y esa cifra dejara a muchos productores en l\u00ednea roja y evidentemente va ir acrecentando el cierre de las lecher\u00edas, del da\u00f1o que ha producido la importaci\u00f3n de estos productos l\u00e1cteos y la situaci\u00f3n actual que vivimos, por eso es que vemos que hay que relevar la calidad del producto nacional, por eso hemos acu\u00f1ado el concepto del pa\u00eds de orde\u00f1a, vamos informar claramente al consumidor de donde viene la leche que est\u00e1 adquiriendo\u201d.<\/p>\n","protected":false},"excerpt":{"rendered":"<p>La Senadora por la Araucan\u00eda, en conjunto con el Senador Manuel Jos\u00e9 Ossand\u00f3n, presentaron un proyecto de Ley, que tiene por objeto otorgar mayor transparencia&#8230;<\/p>\n","protected":false},"author":2,"featured_media":2291,"comment_status":"closed","ping_status":"open","sticky":false,"template":"","format":"standard","meta":{"footnotes":""},"categories":[4,267],"tags":[],"_links":{"self":[{"href":"http:\/\/www.primeranota.cl\/web\/wp-json\/wp\/v2\/posts\/2283"}],"collection":[{"href":"http:\/\/www.primeranota.cl\/web\/wp-json\/wp\/v2\/posts"}],"about":[{"href":"http:\/\/www.primeranota.cl\/web\/wp-json\/wp\/v2\/types\/post"}],"author":[{"embeddable":true,"href":"http:\/\/www.primeranota.cl\/web\/wp-json\/wp\/v2\/users\/2"}],"replies":[{"embeddable":true,"href":"http:\/\/www.primeranota.cl\/web\/wp-json\/wp\/v2\/comments?post=2283"}],"version-history":[{"count":1,"href":"http:\/\/www.primeranota.cl\/web\/wp-json\/wp\/v2\/posts\/2283\/revisions"}],"predecessor-version":[{"id":2292,"href":"http:\/\/www.primeranota.cl\/web\/wp-json\/wp\/v2\/posts\/2283\/revisions\/2292"}],"wp:featuredmedia":[{"embeddable":true,"href":"http:\/\/www.primeranota.cl\/web\/wp-json\/wp\/v2\/media\/2291"}],"wp:attachment":[{"href":"http:\/\/www.primeranota.cl\/web\/wp-json\/wp\/v2\/media?parent=2283"}],"wp:term":[{"taxonomy":"category","embeddable":true,"href":"http:\/\/www.primeranota.cl\/web\/wp-json\/wp\/v2\/categories?post=2283"},{"taxonomy":"post_tag","embeddable":true,"href":"http:\/\/www.primeranota.cl\/web\/wp-json\/wp\/v2\/tags?post=2283"}],"curies":[{"name":"wp","href":"https:\/\/api.w.org\/{rel}","templated":true}]}}