{"id":2319,"date":"2018-09-04T22:00:04","date_gmt":"2018-09-05T01:00:04","guid":{"rendered":"http:\/\/www.primeranota.cl\/web\/?p=2319"},"modified":"2018-09-04T22:00:04","modified_gmt":"2018-09-05T01:00:04","slug":"senado-aprueba-ley-de-identidad-de-genero-para-mayores-de-14-anos","status":"publish","type":"post","link":"http:\/\/www.primeranota.cl\/web\/pais\/senado-aprueba-ley-de-identidad-de-genero-para-mayores-de-14-anos\/","title":{"rendered":"Senado aprueba Ley de Identidad de G\u00e9nero para mayores de 14 a\u00f1os"},"content":{"rendered":"<p> Por otra parte, el inciso que inclu\u00eda en la normativa a los menores de 14 a\u00f1os fue rechazada por falta de qu\u00f3rum.<br \/>\nEl Senado aprob\u00f3 el proyecto del gobierno sobre Identidad de G\u00e9nero, por 26 votos contra 14. Esto regula el cambio de nombre y sexo registral en adultos mayores de edad y de los adolescentes mayores de 14 a\u00f1os y menores de 18.<br \/>\nLa votaci\u00f3n se realiz\u00f3 en dos tandas. Esto se debi\u00f3 a que en la comisi\u00f3n mixta se aprob\u00f3 una indicaci\u00f3n para que en la sala del Senado se efectuaran dos votaciones. La primera, sobre la iniciativa del gobierno, que norma el cambio de nombre y sexo registral en adultos mayores de edad y de los adolescentes mayores de 14 a\u00f1os y menores de 18 (que van a un procedimiento judicial); y una segunda, iniciativa tanto de la oposici\u00f3n como de Ev\u00f3poli sobre los menores de 14 a\u00f1os. Esta \u00faltima planteaba que estos menores podr\u00edan, con la venia de uno de sus padres o tutores legales, acceder al cambio de sexo registral ante un tribunal de Familia.<\/p>\n","protected":false},"excerpt":{"rendered":"<p>Por otra parte, el inciso que inclu\u00eda en la normativa a los menores de 14 a\u00f1os fue rechazada por falta de qu\u00f3rum. El Senado aprob\u00f3&#8230;<\/p>\n","protected":false},"author":2,"featured_media":2320,"comment_status":"closed","ping_status":"open","sticky":false,"template":"","format":"standard","meta":{"footnotes":""},"categories":[4,267],"tags":[],"_links":{"self":[{"href":"http:\/\/www.primeranota.cl\/web\/wp-json\/wp\/v2\/posts\/2319"}],"collection":[{"href":"http:\/\/www.primeranota.cl\/web\/wp-json\/wp\/v2\/posts"}],"about":[{"href":"http:\/\/www.primeranota.cl\/web\/wp-json\/wp\/v2\/types\/post"}],"author":[{"embeddable":true,"href":"http:\/\/www.primeranota.cl\/web\/wp-json\/wp\/v2\/users\/2"}],"replies":[{"embeddable":true,"href":"http:\/\/www.primeranota.cl\/web\/wp-json\/wp\/v2\/comments?post=2319"}],"version-history":[{"count":1,"href":"http:\/\/www.primeranota.cl\/web\/wp-json\/wp\/v2\/posts\/2319\/revisions"}],"predecessor-version":[{"id":2321,"href":"http:\/\/www.primeranota.cl\/web\/wp-json\/wp\/v2\/posts\/2319\/revisions\/2321"}],"wp:featuredmedia":[{"embeddable":true,"href":"http:\/\/www.primeranota.cl\/web\/wp-json\/wp\/v2\/media\/2320"}],"wp:attachment":[{"href":"http:\/\/www.primeranota.cl\/web\/wp-json\/wp\/v2\/media?parent=2319"}],"wp:term":[{"taxonomy":"category","embeddable":true,"href":"http:\/\/www.primeranota.cl\/web\/wp-json\/wp\/v2\/categories?post=2319"},{"taxonomy":"post_tag","embeddable":true,"href":"http:\/\/www.primeranota.cl\/web\/wp-json\/wp\/v2\/tags?post=2319"}],"curies":[{"name":"wp","href":"https:\/\/api.w.org\/{rel}","templated":true}]}}