{"id":2341,"date":"2018-09-05T19:49:26","date_gmt":"2018-09-05T22:49:26","guid":{"rendered":"http:\/\/www.primeranota.cl\/web\/?p=2341"},"modified":"2018-09-05T19:49:26","modified_gmt":"2018-09-05T22:49:26","slug":"saffirio-pide-al-gobierno-informe-sobre-obligacion-que-beneficia-a-medios-regionales","status":"publish","type":"post","link":"http:\/\/www.primeranota.cl\/web\/pais\/saffirio-pide-al-gobierno-informe-sobre-obligacion-que-beneficia-a-medios-regionales\/","title":{"rendered":"Saffirio pide al gobierno informe sobre obligaci\u00f3n que beneficia a medios regionales"},"content":{"rendered":"<p>El diputado independiente de La Araucan\u00eda, Ren\u00e9 Saffirio, ingres\u00f3 este martes un oficio en la C\u00e1mara de Diputados para solicitar a la Ministra Secretaria General de Gobierno, Cecilia P\u00e9rez, informe sobre el cumplimiento de la obligaci\u00f3n contenida en el art\u00edculo 20 de la Ley de Presupuestos del sector p\u00fablico para el a\u00f1o 2018, en lo que respecta al porcentaje de avisaje y publicaciones que han realizado los \u00f3rganos y servicios p\u00fablicos de La Araucan\u00eda en medios de comunicaci\u00f3n social de la regi\u00f3n.<br \/>\nDicho art\u00edculo expresa claramente que \u201ccuando los \u00f3rganos y servicios p\u00fablicos realicen avisaje y publicaciones en medios de comunicaci\u00f3n social, deber\u00e1n efectuarlos, al menos en un 40%, en medios de comunicaci\u00f3n con clara identificaci\u00f3n local, distribuidos territorialmente de manera equitativa. Este porcentaje no podr\u00e1 destinarse a medios que sean parte de conglomerados, holdings o cadenas de medios de comunicaci\u00f3n, con los que se relacionen en los t\u00e9rminos de los art\u00edculos 99 y 100 de la ley N\u00b0 18.045, que tengan sedes o sucursales en m\u00e1s de una regi\u00f3n\u201d.<br \/>\nEl art\u00edculo 20 agrega que \u201cpara estos efectos, el Ministerio Secretar\u00eda General de Gobierno elaborar\u00e1 un catastro regionalizado de los medios de comunicaci\u00f3n. Se preferir\u00e1, para la aplicaci\u00f3n de este art\u00edculo, el trato con los medios de comunicaci\u00f3n que efectuar\u00e1n por s\u00ed mismos el avisaje y las publicaciones, evitando en lo posible la contrataci\u00f3n de intermediarios o agencias. En caso de contratarse con estos \u00faltimos, deber\u00e1n transparentar sus \u00edtems de gastos, los que ser\u00e1n remitidos al Ministerio Secretar\u00eda General de Gobierno. Los \u00f3rganos y servicios a que se refiere este art\u00edculo deber\u00e1n dar cumplimiento a lo establecido, por medio de sus respectivos sitios web\u201d.<br \/>\nSeg\u00fan indica la ley, los \u00f3rganos y servicios p\u00fablicos a que se refiere este art\u00edculo, deber\u00e1n remitir a m\u00e1s tardar en marzo de 2018 su planificaci\u00f3n anual de avisaje y publicaciones al Ministerio Secretar\u00eda General de Gobierno, el que monitorear\u00e1 el cumplimiento de la obligaci\u00f3n establecida en el inciso anterior.<br \/>\nCabe mencionar que los medios de comunicaci\u00f3n regionales asociados a la ARCHI, se inscribieron a principios de a\u00f1o en el Sistema de Catastro de Medios Regionales, lo que les permitir\u00eda optar al avisaje estatal incorporado a este 40%.<\/p>\n","protected":false},"excerpt":{"rendered":"<p>El diputado independiente de La Araucan\u00eda, Ren\u00e9 Saffirio, ingres\u00f3 este martes un oficio en la C\u00e1mara de Diputados para solicitar a la Ministra Secretaria General&#8230;<\/p>\n","protected":false},"author":2,"featured_media":1551,"comment_status":"closed","ping_status":"open","sticky":false,"template":"","format":"standard","meta":{"footnotes":""},"categories":[4,267],"tags":[],"_links":{"self":[{"href":"http:\/\/www.primeranota.cl\/web\/wp-json\/wp\/v2\/posts\/2341"}],"collection":[{"href":"http:\/\/www.primeranota.cl\/web\/wp-json\/wp\/v2\/posts"}],"about":[{"href":"http:\/\/www.primeranota.cl\/web\/wp-json\/wp\/v2\/types\/post"}],"author":[{"embeddable":true,"href":"http:\/\/www.primeranota.cl\/web\/wp-json\/wp\/v2\/users\/2"}],"replies":[{"embeddable":true,"href":"http:\/\/www.primeranota.cl\/web\/wp-json\/wp\/v2\/comments?post=2341"}],"version-history":[{"count":1,"href":"http:\/\/www.primeranota.cl\/web\/wp-json\/wp\/v2\/posts\/2341\/revisions"}],"predecessor-version":[{"id":2342,"href":"http:\/\/www.primeranota.cl\/web\/wp-json\/wp\/v2\/posts\/2341\/revisions\/2342"}],"wp:featuredmedia":[{"embeddable":true,"href":"http:\/\/www.primeranota.cl\/web\/wp-json\/wp\/v2\/media\/1551"}],"wp:attachment":[{"href":"http:\/\/www.primeranota.cl\/web\/wp-json\/wp\/v2\/media?parent=2341"}],"wp:term":[{"taxonomy":"category","embeddable":true,"href":"http:\/\/www.primeranota.cl\/web\/wp-json\/wp\/v2\/categories?post=2341"},{"taxonomy":"post_tag","embeddable":true,"href":"http:\/\/www.primeranota.cl\/web\/wp-json\/wp\/v2\/tags?post=2341"}],"curies":[{"name":"wp","href":"https:\/\/api.w.org\/{rel}","templated":true}]}}