{"id":2347,"date":"2018-09-06T08:18:22","date_gmt":"2018-09-06T11:18:22","guid":{"rendered":"http:\/\/www.primeranota.cl\/web\/?p=2347"},"modified":"2018-09-06T08:18:22","modified_gmt":"2018-09-06T11:18:22","slug":"matin-arrau-intendente-nueva-region-de-nuble","status":"publish","type":"post","link":"http:\/\/www.primeranota.cl\/web\/pais\/matin-arrau-intendente-nueva-region-de-nuble\/","title":{"rendered":"Mat\u00edn Arrau: intendente nueva regi\u00f3n de  \u00d1uble"},"content":{"rendered":"<p>Despu\u00e9s de seis meses de un trabajo &#8220;intenso&#8221; como delegado presidencial para la instalaci\u00f3n de la debutante Regi\u00f3n de \u00d1uble, el ahora intendente de la zona, Mart\u00edn Arrau, agradeci\u00f3 &#8220;el reconocimiento&#8221; que se le hizo por el trabajo de \u00e9l y su equipo al nombrarlo en su nuevo cargo. Dicho eso, el ingeniero civil admiti\u00f3 que sus actuales responsabilidades son &#8220;tremendas&#8221;, por lo que su misi\u00f3n est\u00e1 puesta en el principal objetivo: poner a la nueva jurisprudencia &#8220;en el mapa&#8221;.<br \/>\nEn entrevista con Emol pidi\u00f3 &#8220;toda la ayuda posible a toda la gente de \u00d1uble y a todo el pa\u00eds para&#8221; levantar al sector constituido por 3 provincias y 21 comunas, sumando una poblaci\u00f3n total de 480.609 habitantes. La autoridad afirm\u00f3 tener un cari\u00f1o especial por la regi\u00f3n m\u00e1s peque\u00f1a del pa\u00eds, pero no solo por su larga trayectoria profesional vinculada a este territorio, sino tambi\u00e9n por sus antecedentes familiares.<br \/>\n&#8220;Empleo y superaci\u00f3n de la pobreza&#8221; fueron las primeros retos que enumer\u00f3 Arrau al ser consultado sobre las tareas primordiales a las que har\u00e1 frente al corto plazo. Pero, considerando la importancia de avanzar r\u00e1pidamente en el desarrollo regional, afirm\u00f3 que &#8220;la pregunta que nos hacemos hoy es: \u00bfQu\u00e9 va a hacer de \u00d1uble de aqu\u00ed a 10 a\u00f1os?&#8221;<br \/>\n&#8220;Nosotros cuando hemos comunicado este proceso, hemos sido muy claros en decir que esto no es de la noche a la ma\u00f1ana. Son procesos, son oportunidades que tenemos que tomar y transformarlas en realidad. Eso toma tiempo&#8221;, explic\u00f3.<br \/>\nPor lo que sostuvo: &#8220;Yo espero que en 10 a\u00f1os m\u00e1s, cuando miremos hacia atr\u00e1s, primero digamos que fue un acierto la instalaci\u00f3n de la regi\u00f3n&#8221;.<br \/>\nEn concreto, el intendente apunt\u00f3 que los desaf\u00edos en el \u00d1uble se est\u00e1n &#8220;abordando del punto de vista de atracci\u00f3n de inversiones y promover el emprendimiento. Tambi\u00e9n con educaci\u00f3n y capacitaci\u00f3n para que tengamos mejores \u00edndices de productividad y la gente pueda desarrollarse en las diferentes \u00e1reas que tiene potencial la zona&#8221;.<br \/>\n En esa l\u00ednea, expuso otras problem\u00e1ticas en la zona sobre las cuales se debe avanzar, como el acceso al agua potable e internet, la mejora en redes asistenciales, salud y educaci\u00f3n. &#8220;Y tambi\u00e9n un gran desaf\u00edo es el adulto mayor. \u00d1uble es de las regiones con mayor proporci\u00f3n de adultos mayores y es la regi\u00f3n m\u00e1s rural. Entonces, es una situaci\u00f3n de adulto mayor en ruralidad que tenemos que abordar y mejorar&#8221;, concluy\u00f3.<\/p>\n","protected":false},"excerpt":{"rendered":"<p>Despu\u00e9s de seis meses de un trabajo &#8220;intenso&#8221; como delegado presidencial para la instalaci\u00f3n de la debutante Regi\u00f3n de \u00d1uble, el ahora intendente de la&#8230;<\/p>\n","protected":false},"author":2,"featured_media":2264,"comment_status":"closed","ping_status":"open","sticky":false,"template":"","format":"standard","meta":{"footnotes":""},"categories":[4,267],"tags":[],"_links":{"self":[{"href":"http:\/\/www.primeranota.cl\/web\/wp-json\/wp\/v2\/posts\/2347"}],"collection":[{"href":"http:\/\/www.primeranota.cl\/web\/wp-json\/wp\/v2\/posts"}],"about":[{"href":"http:\/\/www.primeranota.cl\/web\/wp-json\/wp\/v2\/types\/post"}],"author":[{"embeddable":true,"href":"http:\/\/www.primeranota.cl\/web\/wp-json\/wp\/v2\/users\/2"}],"replies":[{"embeddable":true,"href":"http:\/\/www.primeranota.cl\/web\/wp-json\/wp\/v2\/comments?post=2347"}],"version-history":[{"count":1,"href":"http:\/\/www.primeranota.cl\/web\/wp-json\/wp\/v2\/posts\/2347\/revisions"}],"predecessor-version":[{"id":2348,"href":"http:\/\/www.primeranota.cl\/web\/wp-json\/wp\/v2\/posts\/2347\/revisions\/2348"}],"wp:featuredmedia":[{"embeddable":true,"href":"http:\/\/www.primeranota.cl\/web\/wp-json\/wp\/v2\/media\/2264"}],"wp:attachment":[{"href":"http:\/\/www.primeranota.cl\/web\/wp-json\/wp\/v2\/media?parent=2347"}],"wp:term":[{"taxonomy":"category","embeddable":true,"href":"http:\/\/www.primeranota.cl\/web\/wp-json\/wp\/v2\/categories?post=2347"},{"taxonomy":"post_tag","embeddable":true,"href":"http:\/\/www.primeranota.cl\/web\/wp-json\/wp\/v2\/tags?post=2347"}],"curies":[{"name":"wp","href":"https:\/\/api.w.org\/{rel}","templated":true}]}}