{"id":2363,"date":"2018-09-07T08:20:38","date_gmt":"2018-09-07T11:20:38","guid":{"rendered":"http:\/\/www.primeranota.cl\/web\/?p=2363"},"modified":"2018-09-07T08:20:38","modified_gmt":"2018-09-07T11:20:38","slug":"diputada-parra-pidio-antecedentes-al-indh","status":"publish","type":"post","link":"http:\/\/www.primeranota.cl\/web\/pais\/diputada-parra-pidio-antecedentes-al-indh\/","title":{"rendered":"Diputada Parra pidi\u00f3 antecedentes al INDH"},"content":{"rendered":"<p>A petici\u00f3n de la diputada del PPD, Andrea Parra, representantes del Instituto Nacional de Derechos Humanos (INDH) y de las cl\u00ednicas jur\u00eddicas de las universidades Diego Portales y Alberto Hurtado, expusieron en la Comisi\u00f3n de Gobierno Interior debido a la preocupaci\u00f3n existente de parte de miembros de dicha Comisi\u00f3n respecto a las expulsiones masivas de inmigrantes.<br \/>\nSin embargo, la parlamentaria manifest\u00f3 p\u00fablicamente su molestia por el trato que le otorgaron representantes del gobierno y diputados de Chile Vamos a las organizaciones, cuando \u00e9stas expresaron sus cuestionamientos respecto a que en algunos casos no se habr\u00eda seguido el debido proceso ni respetado los derechos humanos de los inmigrantes.<br \/>\n&#8220;Lo que nos preocupaba era tener informaci\u00f3n fidedigna y real respecto a lo que hab\u00eda pasado particularmente en el primer hecho de expulsiones masivas que hubo en agosto y quisimos escucharlos a todos y a todas, pero el tono de la conversaci\u00f3n empez\u00f3 a subir de nivel, al igual que las descalificaciones. Uno entiende que se pueden contrastar opiniones, que puede haber diferencias en estos temas, pero esto no se puede transformar en una guerra de trincheras&#8221;, se\u00f1al\u00f3 la diputada Parra.<br \/>\nLa parlamentaria se\u00f1al\u00f3 que &#8220;ninguno de los parlamentarios de oposici\u00f3n hemos estado en contra de que se regule la migraci\u00f3n, estamos de acuerdo en que se ordene, pero tambi\u00e9n hemos hecho una cr\u00edtica bien sincera al Ejecutivo, en que aqu\u00ed se est\u00e1 buscando criminalizar la migraci\u00f3n a trav\u00e9s de una maniobra comunicacional, que queda en evidencia al anunciar su meta de expulsar a 2 mil inmigrantes durante este a\u00f1o&#8221;.<br \/>\n&#8220;No me gusta ver a extranjeros ya sea delincuentes o no, esposados, con los brazos atr\u00e1s, y con las c\u00e1maras y la prensa. Las expulsiones se han hecho siempre y se deben seguir haciendo dentro del marco de la ley, pero creo que utilizar de esta manera los medios transgrede un l\u00edmite \u00e9tico que no podemos permitir&#8221;, manifest\u00f3 la legisladora.<br \/>\nFinalmente, Andrea Parra, se\u00f1al\u00f3 que &#8220;el tema de las expulsiones son aspectos que vamos a ver m\u00e1s adelante en el proyecto de Migraciones que estamos votando en la Comisi\u00f3n de Gobierno Interior. Estamos en una primera fase del proyecto, estamos viendo las categor\u00edas migratorias, los cambios de visa, pero nosotros esperamos que una legislaci\u00f3n que viene del a\u00f1o 1975 podamos modernizarla y situarla en los est\u00e1ndares jur\u00eddicos internacionales que tienen estos tiempos&#8221;.<\/p>\n","protected":false},"excerpt":{"rendered":"<p>A petici\u00f3n de la diputada del PPD, Andrea Parra, representantes del Instituto Nacional de Derechos Humanos (INDH) y de las cl\u00ednicas jur\u00eddicas de las universidades&#8230;<\/p>\n","protected":false},"author":2,"featured_media":2364,"comment_status":"closed","ping_status":"open","sticky":false,"template":"","format":"standard","meta":{"footnotes":""},"categories":[4,267],"tags":[],"_links":{"self":[{"href":"http:\/\/www.primeranota.cl\/web\/wp-json\/wp\/v2\/posts\/2363"}],"collection":[{"href":"http:\/\/www.primeranota.cl\/web\/wp-json\/wp\/v2\/posts"}],"about":[{"href":"http:\/\/www.primeranota.cl\/web\/wp-json\/wp\/v2\/types\/post"}],"author":[{"embeddable":true,"href":"http:\/\/www.primeranota.cl\/web\/wp-json\/wp\/v2\/users\/2"}],"replies":[{"embeddable":true,"href":"http:\/\/www.primeranota.cl\/web\/wp-json\/wp\/v2\/comments?post=2363"}],"version-history":[{"count":1,"href":"http:\/\/www.primeranota.cl\/web\/wp-json\/wp\/v2\/posts\/2363\/revisions"}],"predecessor-version":[{"id":2365,"href":"http:\/\/www.primeranota.cl\/web\/wp-json\/wp\/v2\/posts\/2363\/revisions\/2365"}],"wp:featuredmedia":[{"embeddable":true,"href":"http:\/\/www.primeranota.cl\/web\/wp-json\/wp\/v2\/media\/2364"}],"wp:attachment":[{"href":"http:\/\/www.primeranota.cl\/web\/wp-json\/wp\/v2\/media?parent=2363"}],"wp:term":[{"taxonomy":"category","embeddable":true,"href":"http:\/\/www.primeranota.cl\/web\/wp-json\/wp\/v2\/categories?post=2363"},{"taxonomy":"post_tag","embeddable":true,"href":"http:\/\/www.primeranota.cl\/web\/wp-json\/wp\/v2\/tags?post=2363"}],"curies":[{"name":"wp","href":"https:\/\/api.w.org\/{rel}","templated":true}]}}