{"id":2413,"date":"2018-09-08T11:58:53","date_gmt":"2018-09-08T14:58:53","guid":{"rendered":"http:\/\/www.primeranota.cl\/web\/?p=2413"},"modified":"2018-09-08T11:58:53","modified_gmt":"2018-09-08T14:58:53","slug":"agosto-el-mes-en-que-mas-autos-nuevos-se-han-comercializado-en-la-historia","status":"publish","type":"post","link":"http:\/\/www.primeranota.cl\/web\/pais\/agosto-el-mes-en-que-mas-autos-nuevos-se-han-comercializado-en-la-historia\/","title":{"rendered":"Agosto el mes en que m\u00e1s autos nuevos se han comercializado en la historia"},"content":{"rendered":"<p>Agosto super\u00f3 todos los r\u00e9cords existentes en el mercado automotriz chileno. As\u00ed, seg\u00fan el informe mensual correspondiente a las ventas de veh\u00edculos livianos y medianos, en el pa\u00eds se vendieron 38.729 unidades nuevas.<\/p>\n<p>Lo anterior, seg\u00fan la Asociaci\u00f3n Nacional Automotriz de Chile (ANAC), representa un aumento de 9,5% con respecto al a\u00f1o anterior, siendo \u00e9sta la cifra m\u00e1s alta desde que se tienen registros.<\/p>\n<p>De forma acumulada, entre los meses de enero y agosto se vendieron 272.144 unidades nuevas, registrando un incremento de 20,4% en comparaci\u00f3n a los mismos meses del a\u00f1o pasado.<\/p>\n<p>Seg\u00fan la ANAC, los factores que han influido en estos resultados son: &#8220;El crecimiento de 3,3% en julio del Imacec Y el cambio del a\u00f1o modelo de los veh\u00edculos, Que hist\u00f3ricamente genera que los meses de agosto y septiembre sean los de mayores ventas&#8221;.<\/p>\n<p>Adem\u00e1s, &#8220;el lanzamiento de m\u00e1s de 40 modelos en los ocho meses que van de 2018; y adicionalmente se ha mantenido la gran alternativa de financiamiento automotriz&#8221;.<\/p>\n<p>De acuerdo a las regiones, fue la Metropolitanadonde m\u00e1s unidades se vendieron: 22.936 autos livianos y medianos. Cifra que registr\u00f3 un incremento de 5,4%.<\/p>\n<p>Le sigui\u00f3 la Regi\u00f3n de Valpara\u00edso (3.740), la del Biob\u00edo (3.255) y la de Los Lagos (1.420).<\/p>\n<p>LAS MARCAS M\u00c1S VENDIDOS<br \/>\nSeg\u00fan la ANAC, fue la marca KIA la que m\u00e1s autom\u00f3viles vendi\u00f3 en el mes de agosto: 3.490 unidades.<\/p>\n<p>Le siguieron la marca Suzuki (3.425); Chevrolet (3.423); Nissan (3.385); Hyundai (2.736); Toyota (2.597) y Mazda (1.988).<\/p>\n<p>Todas, registraron alzas en sus ventas mensuales de m\u00e1s de 5%.<\/p>\n","protected":false},"excerpt":{"rendered":"<p>Agosto super\u00f3 todos los r\u00e9cords existentes en el mercado automotriz chileno. As\u00ed, seg\u00fan el informe mensual correspondiente a las ventas de veh\u00edculos livianos y medianos,&#8230;<\/p>\n","protected":false},"author":2,"featured_media":2414,"comment_status":"closed","ping_status":"open","sticky":false,"template":"","format":"standard","meta":{"footnotes":""},"categories":[4,267],"tags":[],"_links":{"self":[{"href":"http:\/\/www.primeranota.cl\/web\/wp-json\/wp\/v2\/posts\/2413"}],"collection":[{"href":"http:\/\/www.primeranota.cl\/web\/wp-json\/wp\/v2\/posts"}],"about":[{"href":"http:\/\/www.primeranota.cl\/web\/wp-json\/wp\/v2\/types\/post"}],"author":[{"embeddable":true,"href":"http:\/\/www.primeranota.cl\/web\/wp-json\/wp\/v2\/users\/2"}],"replies":[{"embeddable":true,"href":"http:\/\/www.primeranota.cl\/web\/wp-json\/wp\/v2\/comments?post=2413"}],"version-history":[{"count":1,"href":"http:\/\/www.primeranota.cl\/web\/wp-json\/wp\/v2\/posts\/2413\/revisions"}],"predecessor-version":[{"id":2415,"href":"http:\/\/www.primeranota.cl\/web\/wp-json\/wp\/v2\/posts\/2413\/revisions\/2415"}],"wp:featuredmedia":[{"embeddable":true,"href":"http:\/\/www.primeranota.cl\/web\/wp-json\/wp\/v2\/media\/2414"}],"wp:attachment":[{"href":"http:\/\/www.primeranota.cl\/web\/wp-json\/wp\/v2\/media?parent=2413"}],"wp:term":[{"taxonomy":"category","embeddable":true,"href":"http:\/\/www.primeranota.cl\/web\/wp-json\/wp\/v2\/categories?post=2413"},{"taxonomy":"post_tag","embeddable":true,"href":"http:\/\/www.primeranota.cl\/web\/wp-json\/wp\/v2\/tags?post=2413"}],"curies":[{"name":"wp","href":"https:\/\/api.w.org\/{rel}","templated":true}]}}