{"id":2433,"date":"2018-09-09T22:12:05","date_gmt":"2018-09-10T01:12:05","guid":{"rendered":"http:\/\/www.primeranota.cl\/web\/?p=2433"},"modified":"2018-09-09T22:12:05","modified_gmt":"2018-09-10T01:12:05","slug":"inauguran-posta-california-en-victoria","status":"publish","type":"post","link":"http:\/\/www.primeranota.cl\/web\/region\/inauguran-posta-california-en-victoria\/","title":{"rendered":"Inauguran posta California en Victoria"},"content":{"rendered":"<p>Una inversi\u00f3n cercana a los 90 millones de pesos se destin\u00f3 para la reposici\u00f3n y remodelaci\u00f3n de la Posta Rural California de la Comuna de Victoria que beneficiar\u00e1 a 270 familias del sector rural de nuestra comuna.<br \/>\nLa nueva infraestructura contar\u00e1 con 3 box de atenci\u00f3n con ba\u00f1o privado para Matrona, un box de procedimiento  y otro de preparaci\u00f3n, bodega de leche y fichero, bodega de aseo y una sala de espera m\u00e1s amplia, adem\u00e1s de un mejoramiento en el acceso con rampas que cumplen la normativa actual, mejorando la calidad de vida de los pacientes en la atenci\u00f3n m\u00e9dica.<br \/>\nPara Evelyn Arteaga, Encargada de salud rural \u201ceste proyecto de reposici\u00f3n comenz\u00f3 hace algunos a\u00f1os como un sue\u00f1o logr\u00e1ndose su ejecuci\u00f3n gracias a la gesti\u00f3n de la Municipalidad de Victoria a trav\u00e9s del Alcalde Jaramillo, la Direcci\u00f3n del Centro de Salud Familiar y el equipo de intervenci\u00f3n rural, focalizando los recursos por el bienestar de los vecinos de California (\u2026) en mucha ocasiones \u00e9ramos testigos de ver la sala de espera en su m\u00e1xima capacidad y hoy eso ya no es un problema porque contamos con nuevas instalaciones que brinda una comodidad digna para nuestros usuarios\u201d resalt\u00f3.<br \/>\nTambi\u00e9n la Se\u00f1ora Benedictina Villena, vecina del sector, expres\u00f3 su alegr\u00eda frente al nuevo funcionamiento del nuevo centro de salud \u201choy nos congr\u00e9ganos aqu\u00ed celebrando un sue\u00f1o hecho realidad una alegr\u00eda compartida por todos los vecinos, fueron a\u00f1os de trabajo anhelando que este d\u00eda llegara con una posta renovada amplia y acogedora un gran logro que no hubiese sido posible sin la gesti\u00f3n de nuestras autoridades (\u2026) invito a los vecinos y usuarios a seguir trabajando en armon\u00eda y respeto cuidando estas instalaciones y a los profesionales de la salud que nos brindan atenci\u00f3n medica\u201d expres\u00f3 la vecina del sector California.<br \/>\n\u201cGracias todos los colegas y profesionales que se hicieron parte de este avance, gracias a ellos y a los vecinos logramos que la salud de esta localidad avance\u201d sostuvo el Alcalde de la Comuna de Victoria Javier Jaramillo \u201cdestacar el trabajo de los vecinos liderado por Benedictina que solicitaron este avance, un esfuerzo que se hace patente hoy,  donde sus dirigentes buscaron imperiosamente este beneficio colectivo, dejando sus cosas de lado para trabajar por todos, es importante reconocerlos y gracias al compromiso de nuestro municipio este mejoramiento es hoy una realidad (\u2026) yo considero que hay dos cosas importantes dentro de una ciudad, una de ellas es la educaci\u00f3n y hemos visto que nuestra escuela de California ha ido creciendo en matricula tenemos ni\u00f1os de este sector que han tenido la oportunidad de estar en otros pa\u00edses y la salud a trav\u00e9s de la atenci\u00f3n en un espacio digno tanto para los usuarios como para los profesionales este es un trabajo en conjunto y gracias a ello vamos creciendo d\u00eda a d\u00eda\u201d puntualiz\u00f3 el edil.<\/p>\n","protected":false},"excerpt":{"rendered":"<p>Una inversi\u00f3n cercana a los 90 millones de pesos se destin\u00f3 para la reposici\u00f3n y remodelaci\u00f3n de la Posta Rural California de la Comuna de&#8230;<\/p>\n","protected":false},"author":2,"featured_media":2434,"comment_status":"closed","ping_status":"open","sticky":false,"template":"","format":"standard","meta":{"footnotes":""},"categories":[267,3],"tags":[],"_links":{"self":[{"href":"http:\/\/www.primeranota.cl\/web\/wp-json\/wp\/v2\/posts\/2433"}],"collection":[{"href":"http:\/\/www.primeranota.cl\/web\/wp-json\/wp\/v2\/posts"}],"about":[{"href":"http:\/\/www.primeranota.cl\/web\/wp-json\/wp\/v2\/types\/post"}],"author":[{"embeddable":true,"href":"http:\/\/www.primeranota.cl\/web\/wp-json\/wp\/v2\/users\/2"}],"replies":[{"embeddable":true,"href":"http:\/\/www.primeranota.cl\/web\/wp-json\/wp\/v2\/comments?post=2433"}],"version-history":[{"count":1,"href":"http:\/\/www.primeranota.cl\/web\/wp-json\/wp\/v2\/posts\/2433\/revisions"}],"predecessor-version":[{"id":2435,"href":"http:\/\/www.primeranota.cl\/web\/wp-json\/wp\/v2\/posts\/2433\/revisions\/2435"}],"wp:featuredmedia":[{"embeddable":true,"href":"http:\/\/www.primeranota.cl\/web\/wp-json\/wp\/v2\/media\/2434"}],"wp:attachment":[{"href":"http:\/\/www.primeranota.cl\/web\/wp-json\/wp\/v2\/media?parent=2433"}],"wp:term":[{"taxonomy":"category","embeddable":true,"href":"http:\/\/www.primeranota.cl\/web\/wp-json\/wp\/v2\/categories?post=2433"},{"taxonomy":"post_tag","embeddable":true,"href":"http:\/\/www.primeranota.cl\/web\/wp-json\/wp\/v2\/tags?post=2433"}],"curies":[{"name":"wp","href":"https:\/\/api.w.org\/{rel}","templated":true}]}}