{"id":2516,"date":"2018-09-12T18:41:57","date_gmt":"2018-09-12T21:41:57","guid":{"rendered":"http:\/\/www.primeranota.cl\/web\/?p=2516"},"modified":"2018-09-12T18:41:57","modified_gmt":"2018-09-12T21:41:57","slug":"camara-de-diputados-aprueba-ley-de-identidad-de-genero","status":"publish","type":"post","link":"http:\/\/www.primeranota.cl\/web\/pais\/camara-de-diputados-aprueba-ley-de-identidad-de-genero\/","title":{"rendered":"C\u00e1mara de Diputados aprueba Ley de Identidad de G\u00e9nero"},"content":{"rendered":"<p>El procedimiento incluir\u00e1 a adolescentes entre los 14 y 18 a\u00f1os, la aprobaci\u00f3n se dio con 95 votos a favor y 46 en contra. Cont\u00f3 con el apoyo de parlamentarios de Chile Vamos como Jaime Bellolio (UDI), \u00c1lvaro Carter (UDI) y Mario Desbordes (RN).<br \/>\nEste mi\u00e9rcoles, a las 10.30 horas se dio inicio a la votaci\u00f3n en la C\u00e1mara de Diputados del proyecto de ley de identidad de g\u00e9nero. Previamente el informe de la comisi\u00f3n mixta hab\u00eda sido aprobado por el Senado, donde se rechaz\u00f3 incluir a menores de 14 a\u00f1os.<br \/>\nAhora el texto ser\u00e1 enviado al Presidente Sebasti\u00e1n Pi\u00f1era, quien dentro de un plazo de 30 d\u00edas deber\u00e1 aprobarlo o rechazarlo. Si no hacen observaciones en ese periodo, se entiende la ley por aprobada, por lo que podr\u00e1 ser promulgada, para luego ser publicada en el Diario Oficial y entrar en vigencia cuatro meses despu\u00e9s de publicado el \u00faltimo reglamento, para los que el Ejecutivo estableci\u00f3 un periodo de seis meses.<br \/>\nTras la sesi\u00f3n, el ministro de Justicia, Hern\u00e1n Larra\u00edn, valor\u00f3 el resultado y asegur\u00f3 que \u201cse presum\u00eda que pod\u00eda ser una votaci\u00f3n m\u00e1s estrecha\u201d. \u201cCreo yo que tenemos la madurez suficiente como pa\u00eds para dar este paso\u201d, indic\u00f3.<br \/>\nLuego de la votaci\u00f3n, diputados de la UDI anunciaron reserva de constitucionalidad, por lo que el proyecto podr\u00eda ser revisado por el TC. Respecto a ello, el secretario de Estado se\u00f1al\u00f3 que \u201cvamos a ver qu\u00e9 pasa\u201d. \u201cCiertamente si se presenta, tendremos que hacer o\u00edr nuestra voz, pero tengo mis dudas de que esto vaya a ocurrir, porque no veo por d\u00f3nde est\u00e9 el asidero doctrinario para sostener que hay inconstitucionalidad en este proyecto \u201c, agreg\u00f3.<br \/>\nLa directora jur\u00eddica de Fundaci\u00f3n Iguales, Jimena Lizama, calific\u00f3 este paso como \u201cun hito en el reconocimiento del derecho a la identidad de g\u00e9nero de las personas trans y un tremendo triunfo para los y las adolescentes entre 14 y 18 a\u00f1os, quienes podr\u00e1n acogerse a esta iniciativa\u201d. No obstante asegur\u00f3 que \u201cel Estado queda en deuda con la infancia trans. Ni\u00f1os y ni\u00f1as tambi\u00e9n son sujetos de derechos, y por ende, tambi\u00e9n tienen derecho al reconocimiento de su derecho a la identidad, el cual toma especial relevancia en esa etapa, por lo que seguiremos trabajando para que el Estado reconozca su identidad de g\u00e9nero\u201d.<\/p>\n","protected":false},"excerpt":{"rendered":"<p>El procedimiento incluir\u00e1 a adolescentes entre los 14 y 18 a\u00f1os, la aprobaci\u00f3n se dio con 95 votos a favor y 46 en contra. Cont\u00f3&#8230;<\/p>\n","protected":false},"author":2,"featured_media":1677,"comment_status":"closed","ping_status":"open","sticky":false,"template":"","format":"standard","meta":{"footnotes":""},"categories":[4,267],"tags":[],"_links":{"self":[{"href":"http:\/\/www.primeranota.cl\/web\/wp-json\/wp\/v2\/posts\/2516"}],"collection":[{"href":"http:\/\/www.primeranota.cl\/web\/wp-json\/wp\/v2\/posts"}],"about":[{"href":"http:\/\/www.primeranota.cl\/web\/wp-json\/wp\/v2\/types\/post"}],"author":[{"embeddable":true,"href":"http:\/\/www.primeranota.cl\/web\/wp-json\/wp\/v2\/users\/2"}],"replies":[{"embeddable":true,"href":"http:\/\/www.primeranota.cl\/web\/wp-json\/wp\/v2\/comments?post=2516"}],"version-history":[{"count":1,"href":"http:\/\/www.primeranota.cl\/web\/wp-json\/wp\/v2\/posts\/2516\/revisions"}],"predecessor-version":[{"id":2517,"href":"http:\/\/www.primeranota.cl\/web\/wp-json\/wp\/v2\/posts\/2516\/revisions\/2517"}],"wp:featuredmedia":[{"embeddable":true,"href":"http:\/\/www.primeranota.cl\/web\/wp-json\/wp\/v2\/media\/1677"}],"wp:attachment":[{"href":"http:\/\/www.primeranota.cl\/web\/wp-json\/wp\/v2\/media?parent=2516"}],"wp:term":[{"taxonomy":"category","embeddable":true,"href":"http:\/\/www.primeranota.cl\/web\/wp-json\/wp\/v2\/categories?post=2516"},{"taxonomy":"post_tag","embeddable":true,"href":"http:\/\/www.primeranota.cl\/web\/wp-json\/wp\/v2\/tags?post=2516"}],"curies":[{"name":"wp","href":"https:\/\/api.w.org\/{rel}","templated":true}]}}