{"id":2617,"date":"2018-09-18T11:47:23","date_gmt":"2018-09-18T14:47:23","guid":{"rendered":"http:\/\/www.primeranota.cl\/web\/?p=2617"},"modified":"2018-09-18T11:47:23","modified_gmt":"2018-09-18T14:47:23","slug":"fiscal-nacional-cito-sesion-extraordinaria-del-consejo-general-de-fiscales","status":"publish","type":"post","link":"http:\/\/www.primeranota.cl\/web\/pais\/fiscal-nacional-cito-sesion-extraordinaria-del-consejo-general-de-fiscales\/","title":{"rendered":"Fiscal nacional cit\u00f3 sesi\u00f3n extraordinaria del Consejo General de Fiscales"},"content":{"rendered":"<p>El fiscal nacional Jorge Abbott cit\u00f3 para este jueves 20 de septiembre a una sesi\u00f3n extraordinaria del Consejo General de Fiscales Regionales, con el objetivo de discutir las denuncias hechas por los ex ministros de Justicia Jos\u00e9 Antonio G\u00f3mez y Javiera Blanco, en contra del persecutor regional de Los Lagos, Marcos Emilfork, quien indaga el caso Sename y sus aristas: subvenciones y Ascar.<br \/>\nComo rese\u00f1\u00f3 La Tercera, tanto G\u00f3mez como Blanco denunciaron penalmente a Emilfork. El primero lo hizo luego de que en entrevista con el medio escrito, el fiscal indicara que podr\u00eda citar a declarar a la ex autoridad en calidad de imputado.<br \/>\nEn tanto, la actual consejera del Consejo de Defensa del Estado, present\u00f3 la acusaci\u00f3n luego de que se hiciera p\u00fablico un oficio enviado por la fiscal Centro Norte, Tania Sironvalle, a su par de Puerto Montt, Marcelo Sambuceti. En esta comunicaci\u00f3n se daba cuenta de que Blanco es investigada en calidad de imputada por presuntas irregularidades en la contrataci\u00f3n de personas con cargo a Gendarmer\u00eda.<br \/>\nDe este modo, el consejo, en el cual se reunir\u00e1 de forma presencial o por videoconferencia a los 19 fiscales regionales, analizar\u00e1 las acciones legales en contra de Emilfork. Conjuntamente, desde la Fiscal\u00eda Nacional informaron que en la instancia, Abbott deber\u00e1 resolver qu\u00e9 fiscal regional quedar\u00e1 a cargo de la investigaci\u00f3n contra el persecutor de Los Lagos.<br \/>\nEs m\u00e1s, sobre la mesa del jefe del Ministerio P\u00fablico est\u00e1 la opci\u00f3n de apartar a Emilfork del caso Sename. Una situaci\u00f3n que cuenta con un antecedente, luego que el propio Abbott marginara al fiscal de O\u2019Higgins, Emiliano Arias, del caso Corpesca en agosto de 2016, luego que considerara que este emiti\u00f3 opiniones que vulneraban la reserva de la causa<\/p>\n","protected":false},"excerpt":{"rendered":"<p>El fiscal nacional Jorge Abbott cit\u00f3 para este jueves 20 de septiembre a una sesi\u00f3n extraordinaria del Consejo General de Fiscales Regionales, con el objetivo&#8230;<\/p>\n","protected":false},"author":2,"featured_media":2618,"comment_status":"closed","ping_status":"open","sticky":false,"template":"","format":"standard","meta":{"footnotes":""},"categories":[4,267],"tags":[],"_links":{"self":[{"href":"http:\/\/www.primeranota.cl\/web\/wp-json\/wp\/v2\/posts\/2617"}],"collection":[{"href":"http:\/\/www.primeranota.cl\/web\/wp-json\/wp\/v2\/posts"}],"about":[{"href":"http:\/\/www.primeranota.cl\/web\/wp-json\/wp\/v2\/types\/post"}],"author":[{"embeddable":true,"href":"http:\/\/www.primeranota.cl\/web\/wp-json\/wp\/v2\/users\/2"}],"replies":[{"embeddable":true,"href":"http:\/\/www.primeranota.cl\/web\/wp-json\/wp\/v2\/comments?post=2617"}],"version-history":[{"count":1,"href":"http:\/\/www.primeranota.cl\/web\/wp-json\/wp\/v2\/posts\/2617\/revisions"}],"predecessor-version":[{"id":2619,"href":"http:\/\/www.primeranota.cl\/web\/wp-json\/wp\/v2\/posts\/2617\/revisions\/2619"}],"wp:featuredmedia":[{"embeddable":true,"href":"http:\/\/www.primeranota.cl\/web\/wp-json\/wp\/v2\/media\/2618"}],"wp:attachment":[{"href":"http:\/\/www.primeranota.cl\/web\/wp-json\/wp\/v2\/media?parent=2617"}],"wp:term":[{"taxonomy":"category","embeddable":true,"href":"http:\/\/www.primeranota.cl\/web\/wp-json\/wp\/v2\/categories?post=2617"},{"taxonomy":"post_tag","embeddable":true,"href":"http:\/\/www.primeranota.cl\/web\/wp-json\/wp\/v2\/tags?post=2617"}],"curies":[{"name":"wp","href":"https:\/\/api.w.org\/{rel}","templated":true}]}}