{"id":2641,"date":"2018-09-19T12:20:22","date_gmt":"2018-09-19T15:20:22","guid":{"rendered":"http:\/\/www.primeranota.cl\/web\/?p=2641"},"modified":"2018-09-19T12:22:24","modified_gmt":"2018-09-19T15:22:24","slug":"gobierno-esperaba-mayor-autocritica-en-te-deum","status":"publish","type":"post","link":"http:\/\/www.primeranota.cl\/web\/pais\/gobierno-esperaba-mayor-autocritica-en-te-deum\/","title":{"rendered":"Gobierno esperaba mayor autocritica de la iglesia en Te Deum"},"content":{"rendered":"<p>Al t\u00e9rmino de la ceremonia, la ministra vocera de gobierno expres\u00f3 que \u201cuna autocr\u00edtica, un perd\u00f3n, un pedir disculpas a las v\u00edctimas, a sus familiares, a los chilenos que profesan la religi\u00f3n, tal vez debi\u00f3 haber sido con mayor fuerza y esperamos que en poco tiempo eso se pueda dar\u201d.<br \/>\nLa vocera de Gobierno, Cecilia P\u00e9rez, estim\u00f3 que le falt\u00f3 \u201cmayor fuerza\u201d a la homil\u00eda del monje benedictino Benito Rodr\u00edguez en el Te Deum ecum\u00e9nico en la parte del reconocimiento de los abusos sexuales por parte de religiosos.<br \/>\nAl t\u00e9rmino de la ceremonia, la ministra expres\u00f3 que \u201cse resalt\u00f3 muy bien todo lo que ha sido el esfuerzo del Gobierno y este Chile que acoge al pueblo migrante, que lo pasa mal en sus pa\u00edses y que vienen ac\u00e1 buscando una estabilidad y un mejor vivir para su familia\u201d.<br \/>\nSin embargo, a\u00f1adi\u00f3 que \u201cuna autocr\u00edtica, un perd\u00f3n, un pedir disculpas a las v\u00edctimas, a sus familiares, a los chilenos que profesan la religi\u00f3n, tal vez debi\u00f3 haber sido con mayor fuerza y esperamos que en poco tiempo eso se pueda dar\u201d.<br \/>\nEn cuanto a las nuevas protestas por la identidad de g\u00e9nero, la vocera expres\u00f3 que \u201cChile se construye con todos y existe hoy d\u00eda una deuda con aquellas personas que, en su dignidad y tambi\u00e9n en su valoraci\u00f3n personal, necesitaban que se les reconociera su sentir distinto en el sexo biol\u00f3gico con el sexo psicol\u00f3gico\u201d. <\/p>\n","protected":false},"excerpt":{"rendered":"<p>Al t\u00e9rmino de la ceremonia, la ministra vocera de gobierno expres\u00f3 que \u201cuna autocr\u00edtica, un perd\u00f3n, un pedir disculpas a las v\u00edctimas, a sus familiares,&#8230;<\/p>\n","protected":false},"author":2,"featured_media":1306,"comment_status":"closed","ping_status":"open","sticky":false,"template":"","format":"standard","meta":{"footnotes":""},"categories":[4,267],"tags":[],"_links":{"self":[{"href":"http:\/\/www.primeranota.cl\/web\/wp-json\/wp\/v2\/posts\/2641"}],"collection":[{"href":"http:\/\/www.primeranota.cl\/web\/wp-json\/wp\/v2\/posts"}],"about":[{"href":"http:\/\/www.primeranota.cl\/web\/wp-json\/wp\/v2\/types\/post"}],"author":[{"embeddable":true,"href":"http:\/\/www.primeranota.cl\/web\/wp-json\/wp\/v2\/users\/2"}],"replies":[{"embeddable":true,"href":"http:\/\/www.primeranota.cl\/web\/wp-json\/wp\/v2\/comments?post=2641"}],"version-history":[{"count":3,"href":"http:\/\/www.primeranota.cl\/web\/wp-json\/wp\/v2\/posts\/2641\/revisions"}],"predecessor-version":[{"id":2644,"href":"http:\/\/www.primeranota.cl\/web\/wp-json\/wp\/v2\/posts\/2641\/revisions\/2644"}],"wp:featuredmedia":[{"embeddable":true,"href":"http:\/\/www.primeranota.cl\/web\/wp-json\/wp\/v2\/media\/1306"}],"wp:attachment":[{"href":"http:\/\/www.primeranota.cl\/web\/wp-json\/wp\/v2\/media?parent=2641"}],"wp:term":[{"taxonomy":"category","embeddable":true,"href":"http:\/\/www.primeranota.cl\/web\/wp-json\/wp\/v2\/categories?post=2641"},{"taxonomy":"post_tag","embeddable":true,"href":"http:\/\/www.primeranota.cl\/web\/wp-json\/wp\/v2\/tags?post=2641"}],"curies":[{"name":"wp","href":"https:\/\/api.w.org\/{rel}","templated":true}]}}