{"id":2800,"date":"2018-09-27T16:13:06","date_gmt":"2018-09-27T19:13:06","guid":{"rendered":"http:\/\/www.primeranota.cl\/web\/?p=2800"},"modified":"2018-09-27T16:13:06","modified_gmt":"2018-09-27T19:13:06","slug":"junaeb-incluira-recetas-mapuche-y-extranjeras-en-colaciones","status":"publish","type":"post","link":"http:\/\/www.primeranota.cl\/web\/pais\/junaeb-incluira-recetas-mapuche-y-extranjeras-en-colaciones\/","title":{"rendered":"Junaeb incluir\u00e1 recetas mapuche y extranjeras en colaciones"},"content":{"rendered":"<p>En la octava versi\u00f3n del Espacio Food&#038;Service, el director de Junaeb, Jaime Joh\u00e1, anunci\u00f3 que se incorporar\u00e1n recetas peruanas, haitianas e ind\u00edgenas a las colaciones que se entregan en las escuelas p\u00fablicas de Chile.<br \/>\nEn el marco del foro \u201cComida Buena: El desaf\u00edo del gobierno para combatir la obesidad en los ni\u00f1os chilenos\u201d, Toh\u00e1 destac\u00f3 que la medida busca bajar las tasas de sobrepeso y obesidad infantilque, seg\u00fan cifras recientes, superan el 70% en el pa\u00eds.<br \/>\nEn la misma instancia, el chef nacional Juan Pablo Mellado detall\u00f3 que las recetas para la comunidad peruana se desarrollar\u00e1n junto a dos importantes chef de ese pa\u00eds, Gast\u00f3n Acuyrio y Ciro Watanabe, quienes dar\u00e1n forma a una oferta gastron\u00f3mica atractiva para un n\u00famero importante de menores de Per\u00fa que son parte del sistema p\u00fablico chileno.<br \/>\nAsimismo, la directora del programa Elije Vivir Sano, Alejandra Domper, remarc\u00f3 la gastronom\u00eda saludable de los pueblos originarios: \u201cTenemos el pi\u00f1\u00f3n, el calafate, entre muchos otros\u201d.<br \/>\nEl vicepresidente de Corfo, Sebasti\u00e1n Sichel, destac\u00f3 tambi\u00e9n en el foro que hay muchos productos saludables que no est\u00e1n siendo utilizados para alimentar a los ni\u00f1os chilenos.<br \/>\n\u201cSomos el primer productor mundial de ar\u00e1ndanos y cerezas, terceros en avellano europeo. Sin embargo esos productos no los estamos utilizando\u201d, asegur\u00f3.<\/p>\n","protected":false},"excerpt":{"rendered":"<p>En la octava versi\u00f3n del Espacio Food&#038;Service, el director de Junaeb, Jaime Joh\u00e1, anunci\u00f3 que se incorporar\u00e1n recetas peruanas, haitianas e ind\u00edgenas a las colaciones&#8230;<\/p>\n","protected":false},"author":2,"featured_media":2803,"comment_status":"closed","ping_status":"open","sticky":false,"template":"","format":"standard","meta":{"footnotes":""},"categories":[4,267],"tags":[],"_links":{"self":[{"href":"http:\/\/www.primeranota.cl\/web\/wp-json\/wp\/v2\/posts\/2800"}],"collection":[{"href":"http:\/\/www.primeranota.cl\/web\/wp-json\/wp\/v2\/posts"}],"about":[{"href":"http:\/\/www.primeranota.cl\/web\/wp-json\/wp\/v2\/types\/post"}],"author":[{"embeddable":true,"href":"http:\/\/www.primeranota.cl\/web\/wp-json\/wp\/v2\/users\/2"}],"replies":[{"embeddable":true,"href":"http:\/\/www.primeranota.cl\/web\/wp-json\/wp\/v2\/comments?post=2800"}],"version-history":[{"count":1,"href":"http:\/\/www.primeranota.cl\/web\/wp-json\/wp\/v2\/posts\/2800\/revisions"}],"predecessor-version":[{"id":2804,"href":"http:\/\/www.primeranota.cl\/web\/wp-json\/wp\/v2\/posts\/2800\/revisions\/2804"}],"wp:featuredmedia":[{"embeddable":true,"href":"http:\/\/www.primeranota.cl\/web\/wp-json\/wp\/v2\/media\/2803"}],"wp:attachment":[{"href":"http:\/\/www.primeranota.cl\/web\/wp-json\/wp\/v2\/media?parent=2800"}],"wp:term":[{"taxonomy":"category","embeddable":true,"href":"http:\/\/www.primeranota.cl\/web\/wp-json\/wp\/v2\/categories?post=2800"},{"taxonomy":"post_tag","embeddable":true,"href":"http:\/\/www.primeranota.cl\/web\/wp-json\/wp\/v2\/tags?post=2800"}],"curies":[{"name":"wp","href":"https:\/\/api.w.org\/{rel}","templated":true}]}}