{"id":2890,"date":"2018-10-01T07:54:50","date_gmt":"2018-10-01T10:54:50","guid":{"rendered":"http:\/\/www.primeranota.cl\/web\/?p=2890"},"modified":"2018-10-01T07:54:50","modified_gmt":"2018-10-01T10:54:50","slug":"este-martes-declararia-ezatti-como-imputado-en-causa-de-ex-canciller-del-arzobispado","status":"publish","type":"post","link":"http:\/\/www.primeranota.cl\/web\/pais\/este-martes-declararia-ezatti-como-imputado-en-causa-de-ex-canciller-del-arzobispado\/","title":{"rendered":"Este martes declarar\u00eda Ezatti como imputado en causa de ex canciller del arzobispado"},"content":{"rendered":"<p>Estaba inicialmente programada para el 21 de agosto pasado, pero la fecha se pospuso y no hab\u00eda recalendarizaci\u00f3n. Sin embargo, y de no mediar inconvenientes de \u00faltima hora, el cardenal Ricardo Ezzati deber\u00e1 dar esta semana su declaraci\u00f3n en calidad de imputado en la causa por abusos sexuales en contra del ex canciller del Arzobispado de Santiago, \u00d3scar Mu\u00f1oz.<br \/>\nSeg\u00fan se\u00f1alaron a La Tercera fuentes que conocen la investigaci\u00f3n, incluso hay ya una fecha exacta fijada por el Ministerio P\u00fablico: este martes 2 de octubre.<br \/>\nAs\u00ed, Ezzati tendr\u00e1 que entregar su testimonio al fiscal regional de O\u2019Higgins, Emiliano Arias, quien est\u00e1 realizando la indagatoria.<br \/>\nEn la causa, Arias est\u00e1 investigando si existi\u00f3 o no encubrimiento por parte de Ezzati en relaci\u00f3n a las acusaciones de abusos presentadas contra Mu\u00f1oz.<br \/>\nDicho sacerdote fue formalizado el pasado 13 de julio, en el Juzgado de Garant\u00eda de Rancagua, por los eventuales delitos de abuso sexual de menores y un estupro, en calidad de reiterados.<br \/>\nEn su momento, la Iglesia inform\u00f3 que el motivo de la suspensi\u00f3n del llamado a declarar de Ezzati era que exist\u00edan a\u00fan diligencias pendientes. \u201cTeniendo presente que existen antecedentes incautados por la Fiscal\u00eda Regional de Rancagua en recientes diligencias que a\u00fan no han sido procesados por el Ministerio P\u00fablico, ni entregados a la defensa del cardenal Ricardo Ezzati, unido a la presentaci\u00f3n de una querella referida a hechos que constituyen, entre otros, el motivo de la citaci\u00f3n, se decidi\u00f3 suspender la diligencia\u201d, hab\u00eda se\u00f1alado la instituci\u00f3n en agosto pasado.<\/p>\n","protected":false},"excerpt":{"rendered":"<p>Estaba inicialmente programada para el 21 de agosto pasado, pero la fecha se pospuso y no hab\u00eda recalendarizaci\u00f3n. Sin embargo, y de no mediar inconvenientes&#8230;<\/p>\n","protected":false},"author":2,"featured_media":2722,"comment_status":"closed","ping_status":"open","sticky":false,"template":"","format":"standard","meta":{"footnotes":""},"categories":[4,267],"tags":[],"_links":{"self":[{"href":"http:\/\/www.primeranota.cl\/web\/wp-json\/wp\/v2\/posts\/2890"}],"collection":[{"href":"http:\/\/www.primeranota.cl\/web\/wp-json\/wp\/v2\/posts"}],"about":[{"href":"http:\/\/www.primeranota.cl\/web\/wp-json\/wp\/v2\/types\/post"}],"author":[{"embeddable":true,"href":"http:\/\/www.primeranota.cl\/web\/wp-json\/wp\/v2\/users\/2"}],"replies":[{"embeddable":true,"href":"http:\/\/www.primeranota.cl\/web\/wp-json\/wp\/v2\/comments?post=2890"}],"version-history":[{"count":1,"href":"http:\/\/www.primeranota.cl\/web\/wp-json\/wp\/v2\/posts\/2890\/revisions"}],"predecessor-version":[{"id":2891,"href":"http:\/\/www.primeranota.cl\/web\/wp-json\/wp\/v2\/posts\/2890\/revisions\/2891"}],"wp:featuredmedia":[{"embeddable":true,"href":"http:\/\/www.primeranota.cl\/web\/wp-json\/wp\/v2\/media\/2722"}],"wp:attachment":[{"href":"http:\/\/www.primeranota.cl\/web\/wp-json\/wp\/v2\/media?parent=2890"}],"wp:term":[{"taxonomy":"category","embeddable":true,"href":"http:\/\/www.primeranota.cl\/web\/wp-json\/wp\/v2\/categories?post=2890"},{"taxonomy":"post_tag","embeddable":true,"href":"http:\/\/www.primeranota.cl\/web\/wp-json\/wp\/v2\/tags?post=2890"}],"curies":[{"name":"wp","href":"https:\/\/api.w.org\/{rel}","templated":true}]}}