{"id":2977,"date":"2018-10-03T11:35:26","date_gmt":"2018-10-03T14:35:26","guid":{"rendered":"http:\/\/www.primeranota.cl\/web\/?p=2977"},"modified":"2018-10-03T11:43:34","modified_gmt":"2018-10-03T14:43:34","slug":"ezzati-no-declara-frente-a-fiscal-arias","status":"publish","type":"post","link":"http:\/\/www.primeranota.cl\/web\/sin-editar\/ezzati-no-declara-frente-a-fiscal-arias\/","title":{"rendered":"Ezzati no declara frente a fiscal Arias"},"content":{"rendered":"<p><em><strong>Se acoge a derecho de guardar silencio<\/strong><\/em><\/p>\n<p>El arzobispo de Santiago estuvo menos de media hora en su cita a declarar como imputado por encubrimiento de los eventuales abusos sexuales cometidos por el excanciller de la Iglesia de Santiago, \u00d3scar Mu\u00f1oz.<br \/>\nA pesar de la incertidumbre de su asistencia, a las 9.40 horas de esta ma\u00f1ana el arzobispo de Santiago, Ricardo Ezzati, lleg\u00f3 hasta la Fiscal\u00eda de Rancagua para declarar como imputado de encubrimiento de eventuales abusos sexuales cometidos por el excanciller de la Iglesia de Santiago, \u00d3scar Mu\u00f1oz.<br \/>\nSin embargo, menos de media hora estuvo con el fiscal de O\u2019Higgins, Emiliano Arias, quien tomar\u00eda la declaraci\u00f3n del prelado. Esto porque el arzobispo se acogi\u00f3 a su derecho de guardar silencio.<br \/>\nEzzati acudi\u00f3 a su cita acompa\u00f1ado por sus abogados Hugo Rivera y Crist\u00f3bal Bonacic, quienes se mostraron molestos por el asedio de la prensa. \u201cYo le dije a Emiliano que esto iba a pasar\u201d, vociferaba Rivera.<br \/>\nPor otro lado, el Tribunal de Rancagua a\u00fan no recibe los antecedentes de la causa desde el 13\u00ba Juzgado de Garant\u00eda de Santiago. Cuando esto se haga efectivo, se puede acoger la causa de oficio o citar a una audiencia de competencia.<\/p>\n","protected":false},"excerpt":{"rendered":"<p>Se acoge a derecho de guardar silencio El arzobispo de Santiago estuvo menos de media hora en su cita a declarar como imputado por encubrimiento&#8230;<\/p>\n","protected":false},"author":2,"featured_media":2980,"comment_status":"closed","ping_status":"open","sticky":false,"template":"","format":"standard","meta":{"footnotes":""},"categories":[4,267,1],"tags":[],"_links":{"self":[{"href":"http:\/\/www.primeranota.cl\/web\/wp-json\/wp\/v2\/posts\/2977"}],"collection":[{"href":"http:\/\/www.primeranota.cl\/web\/wp-json\/wp\/v2\/posts"}],"about":[{"href":"http:\/\/www.primeranota.cl\/web\/wp-json\/wp\/v2\/types\/post"}],"author":[{"embeddable":true,"href":"http:\/\/www.primeranota.cl\/web\/wp-json\/wp\/v2\/users\/2"}],"replies":[{"embeddable":true,"href":"http:\/\/www.primeranota.cl\/web\/wp-json\/wp\/v2\/comments?post=2977"}],"version-history":[{"count":2,"href":"http:\/\/www.primeranota.cl\/web\/wp-json\/wp\/v2\/posts\/2977\/revisions"}],"predecessor-version":[{"id":2979,"href":"http:\/\/www.primeranota.cl\/web\/wp-json\/wp\/v2\/posts\/2977\/revisions\/2979"}],"wp:featuredmedia":[{"embeddable":true,"href":"http:\/\/www.primeranota.cl\/web\/wp-json\/wp\/v2\/media\/2980"}],"wp:attachment":[{"href":"http:\/\/www.primeranota.cl\/web\/wp-json\/wp\/v2\/media?parent=2977"}],"wp:term":[{"taxonomy":"category","embeddable":true,"href":"http:\/\/www.primeranota.cl\/web\/wp-json\/wp\/v2\/categories?post=2977"},{"taxonomy":"post_tag","embeddable":true,"href":"http:\/\/www.primeranota.cl\/web\/wp-json\/wp\/v2\/tags?post=2977"}],"curies":[{"name":"wp","href":"https:\/\/api.w.org\/{rel}","templated":true}]}}