{"id":2998,"date":"2018-10-04T08:00:48","date_gmt":"2018-10-04T11:00:48","guid":{"rendered":"http:\/\/www.primeranota.cl\/web\/?p=2998"},"modified":"2018-10-04T08:01:31","modified_gmt":"2018-10-04T11:01:31","slug":"quintana-y-el-no-fueron-millones-de-hombres-y-mujeres-que-rompieron-el-miedo-para-acabar-con-la-dictadura","status":"publish","type":"post","link":"http:\/\/www.primeranota.cl\/web\/pais\/quintana-y-el-no-fueron-millones-de-hombres-y-mujeres-que-rompieron-el-miedo-para-acabar-con-la-dictadura\/","title":{"rendered":"Quintana y el \u201cNo\u201d: \u201cFueron millones de hombres y mujeres que rompieron el miedo para acabar con la dictadura\u201d"},"content":{"rendered":"<p>Como un <em>\u201cemotivo homenaje\u201d<\/em> calificaron los parlamentarios de oposici\u00f3n, desde la ex Nueva Mayor\u00eda hasta el Frente Amplio, que llegaron hasta el hall central del Senado para participar de un acto conmemorativo de los 30 a\u00f1os del triunfo del `No\u00b4.<\/p>\n<p>En la celebraci\u00f3n que estuvo marcada por momentos conmovedores, se mostraron piezas audiovisuales con hitos significativos de la campa\u00f1a en 1988 y sus protagonistas, destacando a personajes que marcaron la \u00e9poca y otros que hoy est\u00e1n fallecidos, como Mar\u00eda Maluenda, Gonzalo Rojas, Erick Schnake, Gladys Mar\u00edn, entre otros.<\/p>\n<p>\u201cAdem\u00e1s de los compa\u00f1eros que fueron reconocidos en esta jornada, tambi\u00e9n fueron millones de mujeres y hombres an\u00f3nimos que rompieron el miedo y que actuaron como enlaces, apoderados de mesa, apoyando los distintos comandos comunales, inscribi\u00e9ndose en los partidos pol\u00edticos que estaban legaliz\u00e1ndose, y finalmente votando el 5 de octubre de 1988\u201d, acot\u00f3 el senador.<\/p>\n<p><strong>30 a\u00f1os<\/strong><\/p>\n<p>En la misma l\u00ednea, el senador de La Araucan\u00eda y organizador de la actividad, Jaime Quintana, expres\u00f3 que <em>\u201cel 05 de octubre es una fecha trascendental para nuestro pa\u00eds, es el momento pol\u00edtico y social m\u00e1s importante del \u00faltimo cuarto de siglo y del Chile reciente, el cual marca lo que ha sido la recuperaci\u00f3n de la democracia y por eso quisimos celebrarlo hoy d\u00eda con todas las fuerzas pol\u00edticas que entendemos que la victoria del `No\u00b4 fue el primer paso para derrotar la dictadura de Augusto Pinochet\u201d.<\/em><br \/>\n\u201cConmemorar y celebrar los 30 a\u00f1os de la recuperaci\u00f3n de la democracia, a trav\u00e9s del triunfo del `No\u00b4, reconociendo la movilizaci\u00f3n social, sin duda que nos ha parecido muy relevante\u201d, agreg\u00f3 el congresista.<\/p>\n<p>Por otra parte, el senador Quintana sostuvo que <em>&#8220;hoy la actual oposici\u00f3n ha ido perdiendo esa sinton\u00eda con el mundo social que fue determinante en el triunfo del `No\u00b4 de 1988&#8221;.<\/em> Y agreg\u00f3 que <em>&#8220;el &#8216;No&#8217; no le pertenece solamente a tres o cuatro partidos, por lo tanto, lo que hemos vivido hoy tiene caracter\u00edsticas centrales: que es un acto de unidad, sin exclusi\u00f3n y es un homenaje que tiene como centro a muchos h\u00e9roes an\u00f3nimos que gestaron el triunfo del `No\u00b4&#8221;. <\/em><\/p>\n<p>Finalmente, el senador Jaime Quintana, emocionado se\u00f1al\u00f3 que <em>\u201chace 30 a\u00f1os unimos nuestros pulmones, nuestras almas y nuestro coraz\u00f3n en la lucha por la recuperaci\u00f3n de la democracia. Hoy queremos volver a ganar, y por eso hemos hecho este llamado a todos los partidos de oposici\u00f3n a unificarnos y colaborar para seguir avanzando por un Chile mejor\u201d.<\/em><\/p>\n<p><em>\u00a0<\/em><\/p>\n<p><em>\u00a0<\/em><\/p>\n<p>&nbsp;<\/p>\n","protected":false},"excerpt":{"rendered":"<p>Como un \u201cemotivo homenaje\u201d calificaron los parlamentarios de oposici\u00f3n, desde la ex Nueva Mayor\u00eda hasta el Frente Amplio, que llegaron hasta el hall central del&#8230;<\/p>\n","protected":false},"author":2,"featured_media":2904,"comment_status":"closed","ping_status":"open","sticky":false,"template":"","format":"standard","meta":{"footnotes":""},"categories":[4,267],"tags":[],"_links":{"self":[{"href":"http:\/\/www.primeranota.cl\/web\/wp-json\/wp\/v2\/posts\/2998"}],"collection":[{"href":"http:\/\/www.primeranota.cl\/web\/wp-json\/wp\/v2\/posts"}],"about":[{"href":"http:\/\/www.primeranota.cl\/web\/wp-json\/wp\/v2\/types\/post"}],"author":[{"embeddable":true,"href":"http:\/\/www.primeranota.cl\/web\/wp-json\/wp\/v2\/users\/2"}],"replies":[{"embeddable":true,"href":"http:\/\/www.primeranota.cl\/web\/wp-json\/wp\/v2\/comments?post=2998"}],"version-history":[{"count":2,"href":"http:\/\/www.primeranota.cl\/web\/wp-json\/wp\/v2\/posts\/2998\/revisions"}],"predecessor-version":[{"id":3000,"href":"http:\/\/www.primeranota.cl\/web\/wp-json\/wp\/v2\/posts\/2998\/revisions\/3000"}],"wp:featuredmedia":[{"embeddable":true,"href":"http:\/\/www.primeranota.cl\/web\/wp-json\/wp\/v2\/media\/2904"}],"wp:attachment":[{"href":"http:\/\/www.primeranota.cl\/web\/wp-json\/wp\/v2\/media?parent=2998"}],"wp:term":[{"taxonomy":"category","embeddable":true,"href":"http:\/\/www.primeranota.cl\/web\/wp-json\/wp\/v2\/categories?post=2998"},{"taxonomy":"post_tag","embeddable":true,"href":"http:\/\/www.primeranota.cl\/web\/wp-json\/wp\/v2\/tags?post=2998"}],"curies":[{"name":"wp","href":"https:\/\/api.w.org\/{rel}","templated":true}]}}