{"id":3031,"date":"2018-10-05T08:02:57","date_gmt":"2018-10-05T11:02:57","guid":{"rendered":"http:\/\/www.primeranota.cl\/web\/?p=3031"},"modified":"2018-10-05T08:02:57","modified_gmt":"2018-10-05T11:02:57","slug":"pinera-a-ultima-hora-invita-a-nueva-mayoria-a-conmemoracion-del-no","status":"publish","type":"post","link":"http:\/\/www.primeranota.cl\/web\/pais\/pinera-a-ultima-hora-invita-a-nueva-mayoria-a-conmemoracion-del-no\/","title":{"rendered":"Pi\u00f1era a \u00faltima hora invita a Nueva Mayor\u00eda a conmemoraci\u00f3n del NO"},"content":{"rendered":"<p>Este jueves se extendieron invitaciones a la ex Nueva Mayor\u00eda y FA. Dirigentes opositores, sin embargo, se restar\u00e1n. En La Moneda admiten una mala planificaci\u00f3n.<br \/>\n\u201cInvitamos a aquellos sectores pol\u00edticos de nuestra coalici\u00f3n porque queremos respetar, obviamente, la celebraci\u00f3n y la conmemoraci\u00f3n que van a hacer los sectores pol\u00edticos de la oposici\u00f3n\u201d. As\u00ed respondi\u00f3 este jueves el ministro Andr\u00e9s Chadwick sobre el acto de conmemoraci\u00f3n que encabezar\u00e1 hoy viernes el Presidente Sebasti\u00e1n Pi\u00f1era por los 30 a\u00f1os desde que se realiz\u00f3 el plebiscito de 1988, donde se impuso el No, poniendo t\u00e9rmino al r\u00e9gimen de Augusto Pinochet.<br \/>\nEn el marco de la exposici\u00f3n sobre \u201cel legado de un republicano centenario de Patricio Aylwin\u201d, el titular de Interior descartaba, de esa manera, que se fuera a extender una invitaci\u00f3n a personeros del bloque opositor, definici\u00f3n que ya estaba tomada hace varios d\u00edas, pero que, seg\u00fan indicaron en La Moneda, Pi\u00f1era decidi\u00f3 cambiar este jueves<br \/>\nPese a las declaraciones de Chadwick, desde la Presidencia extendieron invitaciones, cerca de las 13.00 del jueves, a los presidentes del PS, \u00c1lvaro Elizalde; del PPD, Heraldo Mu\u00f1oz; del PR, Carlos Maldonado; de la DC, Fuad Chahin, del PC, Guillermo Teillier; y tambi\u00e9n a los dirigentes del Frente Amplio.<br \/>\nAs\u00ed, el dise\u00f1o original de Palacio se modific\u00f3 y pas\u00f3 de ser una ceremonia acotada -similar a la que se hizo para recordar los 45 a\u00f1os desde el golpe de Estado- a un acto m\u00e1s amplio. Incluso, ayer por la tarde el gobierno decidi\u00f3 iluminar durante la noche el Palacio de La Moneda con motivo de la conmemoraci\u00f3n.<br \/>\nSin embargo, pese al cambio de dise\u00f1o y a la decisi\u00f3n de ampliar la convocatoria al acto -que se realizar\u00e1 a las 10.45 en el Patio de Las Camelias-, todos los l\u00edderes de la oposici\u00f3n se restar\u00e1n. \u201cEs una contradicci\u00f3n celebrar el triunfo del No con quienes apoyaron fervientemente la opci\u00f3n S\u00ed\u201d, sostuvo Elizalde, mientras que Maldonado a\u00f1adi\u00f3: \u201cNo vamos a asistir. La verdad es que no me parece coherente que un gobierno cuyo sustento son partidos que estuvieron con el S\u00ed, haga un acto de conmemoraci\u00f3n\u201d. Adem\u00e1s, desde el PPD, DC y PC tambi\u00e9n transmitieron que se marginar\u00e1n.<br \/>\nA esto se sumar\u00e1 la ausencia de la presidenta de la UDI, Jacqueline van Rysselberghe, quien ya anunci\u00f3 que no estar\u00e1 presente. Entre las razones que esgrimi\u00f3 es que una gran parte de su sector vot\u00f3 por el S\u00ed, incluida ella.<\/p>\n","protected":false},"excerpt":{"rendered":"<p>Este jueves se extendieron invitaciones a la ex Nueva Mayor\u00eda y FA. Dirigentes opositores, sin embargo, se restar\u00e1n. En La Moneda admiten una mala planificaci\u00f3n&#8230;.<\/p>\n","protected":false},"author":2,"featured_media":2444,"comment_status":"closed","ping_status":"open","sticky":false,"template":"","format":"standard","meta":{"footnotes":""},"categories":[4,267],"tags":[],"_links":{"self":[{"href":"http:\/\/www.primeranota.cl\/web\/wp-json\/wp\/v2\/posts\/3031"}],"collection":[{"href":"http:\/\/www.primeranota.cl\/web\/wp-json\/wp\/v2\/posts"}],"about":[{"href":"http:\/\/www.primeranota.cl\/web\/wp-json\/wp\/v2\/types\/post"}],"author":[{"embeddable":true,"href":"http:\/\/www.primeranota.cl\/web\/wp-json\/wp\/v2\/users\/2"}],"replies":[{"embeddable":true,"href":"http:\/\/www.primeranota.cl\/web\/wp-json\/wp\/v2\/comments?post=3031"}],"version-history":[{"count":1,"href":"http:\/\/www.primeranota.cl\/web\/wp-json\/wp\/v2\/posts\/3031\/revisions"}],"predecessor-version":[{"id":3032,"href":"http:\/\/www.primeranota.cl\/web\/wp-json\/wp\/v2\/posts\/3031\/revisions\/3032"}],"wp:featuredmedia":[{"embeddable":true,"href":"http:\/\/www.primeranota.cl\/web\/wp-json\/wp\/v2\/media\/2444"}],"wp:attachment":[{"href":"http:\/\/www.primeranota.cl\/web\/wp-json\/wp\/v2\/media?parent=3031"}],"wp:term":[{"taxonomy":"category","embeddable":true,"href":"http:\/\/www.primeranota.cl\/web\/wp-json\/wp\/v2\/categories?post=3031"},{"taxonomy":"post_tag","embeddable":true,"href":"http:\/\/www.primeranota.cl\/web\/wp-json\/wp\/v2\/tags?post=3031"}],"curies":[{"name":"wp","href":"https:\/\/api.w.org\/{rel}","templated":true}]}}