{"id":3033,"date":"2018-10-05T08:12:34","date_gmt":"2018-10-05T11:12:34","guid":{"rendered":"http:\/\/www.primeranota.cl\/web\/?p=3033"},"modified":"2018-10-05T08:12:34","modified_gmt":"2018-10-05T11:12:34","slug":"dc-recibe-a-lideres-de-la-nueva-mayoria-en-ceremonia-de-conmemoracion","status":"publish","type":"post","link":"http:\/\/www.primeranota.cl\/web\/pais\/dc-recibe-a-lideres-de-la-nueva-mayoria-en-ceremonia-de-conmemoracion\/","title":{"rendered":"DC recibe a l\u00edderes de la Nueva Mayor\u00eda en ceremonia de conmemoraci\u00f3n"},"content":{"rendered":"<p>Junto a las m\u00e1ximas autoridades del partido tambi\u00e9n ten\u00edan previsto asistir a la sede de la Democracia Cristiana algunos timoneles de la ex Nueva Mayor\u00eda, como \u00c1lvaro Elizalde (PS) y Carlos Maldonado (PR).<br \/>\nDe modo paralelo a la actividad que liderar\u00e1 este viernes el Presidente Sebasti\u00e1n Pi\u00f1era en La Moneda, la Democracia Cristiana conmemorar\u00e1 en su sede los 30 a\u00f1os del plebiscito con un reconocimiento al secretario ejecutivo del comando del No, Genaro Arriagada, y a los dirigentes Rodolfo Seguel y Graciela B\u00f3rquez.<br \/>\nDurante la actividad tambi\u00e9n se instalar\u00e1 una placa en reconocimiento al rol del expresidente Patricio Aylwin en el triunfo del No y el retorno a la democracia,<br \/>\nJunto a las m\u00e1ximas autoridades del partido tambi\u00e9n ten\u00edan previsto asistir a la sede de la DC algunos timoneles de la ex Nueva Mayor\u00eda, como \u00c1lvaro Elizalde (PS) y Carlos Maldonado (PR). El presidente del PPD, Heraldo Mu\u00f1oz, en tanto, ten\u00eda en agenda una actividad organizada por la Fundaci\u00f3n Patricio Aylwin.<br \/>\nConsultados en la DC sobre si se hab\u00eda invitado al Partido Comunista, desde la mesa se transmiti\u00f3 que la convocatoria fue \u201cabierta\u201d y que no se envi\u00f3 de forma personalizada.<br \/>\nPese a ello, hasta el cierre de esta edici\u00f3n el timonel del PC, Guillermo Teillier, no hab\u00eda sido informado del acto.<br \/>\nLa presencia de figuras de la ex Nueva Mayor\u00eda -a excepci\u00f3n del PC- en la sede de la Democracia Cristiana no dej\u00f3 de llamar la atenci\u00f3n. Esto, considerando las tensiones que ha generado la conmemoraci\u00f3n del triunfo del No en el ex conglomerado desde que el presidente de la DC, Fuad Chahin, y Maldonado propusieran -a fines de agosto- organizar un acto sin el PC, lo que fue rechazado en su minuto por las otras colectividades.<br \/>\nEn tanto, y en la antesala de los m\u00faltiples actos conmemorativos que se efectuar\u00e1n hoy, Pi\u00f1era coincidi\u00f3 ayer con el expresidente Ricardo Lagos en una actividad por el centenario de Aylwin.<\/p>\n","protected":false},"excerpt":{"rendered":"<p>Junto a las m\u00e1ximas autoridades del partido tambi\u00e9n ten\u00edan previsto asistir a la sede de la Democracia Cristiana algunos timoneles de la ex Nueva Mayor\u00eda,&#8230;<\/p>\n","protected":false},"author":2,"featured_media":2880,"comment_status":"closed","ping_status":"open","sticky":false,"template":"","format":"standard","meta":{"footnotes":""},"categories":[4,267],"tags":[],"_links":{"self":[{"href":"http:\/\/www.primeranota.cl\/web\/wp-json\/wp\/v2\/posts\/3033"}],"collection":[{"href":"http:\/\/www.primeranota.cl\/web\/wp-json\/wp\/v2\/posts"}],"about":[{"href":"http:\/\/www.primeranota.cl\/web\/wp-json\/wp\/v2\/types\/post"}],"author":[{"embeddable":true,"href":"http:\/\/www.primeranota.cl\/web\/wp-json\/wp\/v2\/users\/2"}],"replies":[{"embeddable":true,"href":"http:\/\/www.primeranota.cl\/web\/wp-json\/wp\/v2\/comments?post=3033"}],"version-history":[{"count":1,"href":"http:\/\/www.primeranota.cl\/web\/wp-json\/wp\/v2\/posts\/3033\/revisions"}],"predecessor-version":[{"id":3034,"href":"http:\/\/www.primeranota.cl\/web\/wp-json\/wp\/v2\/posts\/3033\/revisions\/3034"}],"wp:featuredmedia":[{"embeddable":true,"href":"http:\/\/www.primeranota.cl\/web\/wp-json\/wp\/v2\/media\/2880"}],"wp:attachment":[{"href":"http:\/\/www.primeranota.cl\/web\/wp-json\/wp\/v2\/media?parent=3033"}],"wp:term":[{"taxonomy":"category","embeddable":true,"href":"http:\/\/www.primeranota.cl\/web\/wp-json\/wp\/v2\/categories?post=3033"},{"taxonomy":"post_tag","embeddable":true,"href":"http:\/\/www.primeranota.cl\/web\/wp-json\/wp\/v2\/tags?post=3033"}],"curies":[{"name":"wp","href":"https:\/\/api.w.org\/{rel}","templated":true}]}}