{"id":3273,"date":"2018-10-16T16:04:00","date_gmt":"2018-10-16T19:04:00","guid":{"rendered":"http:\/\/www.primeranota.cl\/web\/?p=3273"},"modified":"2018-10-16T16:04:00","modified_gmt":"2018-10-16T19:04:00","slug":"corte-ordena-reintegrar-a-dorothy-perez-como-subcontralora","status":"publish","type":"post","link":"http:\/\/www.primeranota.cl\/web\/pais\/corte-ordena-reintegrar-a-dorothy-perez-como-subcontralora\/","title":{"rendered":"Corte ordena reintegrar a Dorothy P\u00e9rez como subcontralora"},"content":{"rendered":"<p>La Corte de Apelaciones de Santiago orden\u00f3 reintegrar a la Controlar\u00eda General de la Rep\u00fablica a la subcontralora, Dorothy P\u00e9rez, luego que fuese removida de ese cargo por el Contralor, Jorge Berm\u00fadez.<br \/>\nSeg\u00fan el dictamen, &#8220;se solicita que se restituya a la recurrente en los cargos de subcontralora general de la Rep\u00fablica y jueza de cuentas&#8221;.<br \/>\nAdem\u00e1s, el documento se\u00f1ala que la medida que tom\u00f3 Berm\u00fadez fue &#8220;ilegal y arbitraria&#8221;, adem\u00e1s de &#8220;vulneratorio a los derechos de la igualdad a no ser juzgado por comisiones especiales y de propiedad&#8221;.<br \/>\nLa medida, tomada por Berm\u00fadez el 20 de agosto, se habr\u00eda originado por una supuesta falta de confianza del contralor, luego que ella fuera citada a declarar como testigo ante la fiscal\u00eda en el marco del megafraude al interior de Carabineros.<br \/>\nTras la negativa de P\u00e9rez de aceptar la decisi\u00f3n, el contralor declar\u00f3 el puesto &#8220;vacante&#8221; dos d\u00edas despu\u00e9s y el 23 de agosto nombr\u00f3 en su puesto Mar\u00eda Soledad Frindt.<br \/>\n&#8220;He servido el cargo lealmente y respetuosamente ante su persona como jefe directo y contralor general, siempre colaborando en todo lo que Ud. me requiriera y cuidando su prestigio, su imagen y su cargo&#8221;, contest\u00f3 P\u00e9rez mediante una carta. D\u00edas despu\u00e9s anunci\u00f3 que ir\u00eda hasta la justicia para resolver su situaci\u00f3n.<\/p>\n","protected":false},"excerpt":{"rendered":"<p>La Corte de Apelaciones de Santiago orden\u00f3 reintegrar a la Controlar\u00eda General de la Rep\u00fablica a la subcontralora, Dorothy P\u00e9rez, luego que fuese removida de&#8230;<\/p>\n","protected":false},"author":2,"featured_media":2214,"comment_status":"closed","ping_status":"open","sticky":false,"template":"","format":"standard","meta":{"footnotes":""},"categories":[4,267],"tags":[],"_links":{"self":[{"href":"http:\/\/www.primeranota.cl\/web\/wp-json\/wp\/v2\/posts\/3273"}],"collection":[{"href":"http:\/\/www.primeranota.cl\/web\/wp-json\/wp\/v2\/posts"}],"about":[{"href":"http:\/\/www.primeranota.cl\/web\/wp-json\/wp\/v2\/types\/post"}],"author":[{"embeddable":true,"href":"http:\/\/www.primeranota.cl\/web\/wp-json\/wp\/v2\/users\/2"}],"replies":[{"embeddable":true,"href":"http:\/\/www.primeranota.cl\/web\/wp-json\/wp\/v2\/comments?post=3273"}],"version-history":[{"count":1,"href":"http:\/\/www.primeranota.cl\/web\/wp-json\/wp\/v2\/posts\/3273\/revisions"}],"predecessor-version":[{"id":3274,"href":"http:\/\/www.primeranota.cl\/web\/wp-json\/wp\/v2\/posts\/3273\/revisions\/3274"}],"wp:featuredmedia":[{"embeddable":true,"href":"http:\/\/www.primeranota.cl\/web\/wp-json\/wp\/v2\/media\/2214"}],"wp:attachment":[{"href":"http:\/\/www.primeranota.cl\/web\/wp-json\/wp\/v2\/media?parent=3273"}],"wp:term":[{"taxonomy":"category","embeddable":true,"href":"http:\/\/www.primeranota.cl\/web\/wp-json\/wp\/v2\/categories?post=3273"},{"taxonomy":"post_tag","embeddable":true,"href":"http:\/\/www.primeranota.cl\/web\/wp-json\/wp\/v2\/tags?post=3273"}],"curies":[{"name":"wp","href":"https:\/\/api.w.org\/{rel}","templated":true}]}}