{"id":3387,"date":"2018-10-20T11:14:23","date_gmt":"2018-10-20T14:14:23","guid":{"rendered":"http:\/\/www.primeranota.cl\/web\/?p=3387"},"modified":"2018-10-20T11:14:23","modified_gmt":"2018-10-20T14:14:23","slug":"la-cuestionada-relacion-por-los-jesuitas-entre-el-padre-hurtado-y-karadima","status":"publish","type":"post","link":"http:\/\/www.primeranota.cl\/web\/pais\/la-cuestionada-relacion-por-los-jesuitas-entre-el-padre-hurtado-y-karadima\/","title":{"rendered":"La cuestionada relaci\u00f3n por los jesuitas entre el padre Hurtado y  Karadima"},"content":{"rendered":"<p>En el archivo de la Compa\u00f1\u00eda de Jes\u00fas est\u00e1 el expediente de 1987 que realiz\u00f3 el Vaticano para santificar a Alberto Hurtado. Uno de los primeros en testificar en el proceso fue Fernando Karadima -hoy expulsado del clero-, quien se\u00f1ala que durante casi cinco a\u00f1os el sacerdote fue su director espiritual. Los jesuitas ponen en duda el v\u00ednculo entre ambos religiosos.<br \/>\n\u201c\u00a1Karadima! \u00a1Se nos arrancan todos los patroncitos, ay\u00fademe!\u201d, grita el actor Cristi\u00e1n Campos, interpretando al padre Alberto Hurtado en una escena de Cr\u00f3nica de un hombre santo, la miniserie que transmiti\u00f3 Canal 13 en 1990.<br \/>\nPocos lo recuerdan, pero Fernando Karadima, recientemente expulsado del sacerdocio por el Papa Francisco, era uno de los personajes que aparec\u00eda en la producci\u00f3n televisiva, interpretado por el actor Pablo Ausensi. All\u00ed figura como uno de los disc\u00edpulos del sacerdote jesuita, que lo acompa\u00f1a a rescatar ni\u00f1os sin hogar que duermen en la ribera del r\u00edo Mapocho.<br \/>\nEn esos a\u00f1os a\u00fan no se pon\u00eda en duda la cercan\u00eda entre Hurtado y Karadima. El exp\u00e1rroco de la Iglesia de El Bosque sol\u00eda relatar sus vivencias con el santo chileno, a quien calificaba como su gu\u00eda espiritual, un testimonio que utilizaba para impresionar a los j\u00f3venes de su s\u00e9quito y que est\u00e1 reiterado en varios libros, entrevistas y columnas en diarios de los a\u00f1os 80 y 90. Nunca, nadie lo desminti\u00f3.<br \/>\nSolo despu\u00e9s de que en 2010 estallara el esc\u00e1ndalo por la denuncias de abusos sexuales y de poder que comet\u00eda Karadima, el nexo con el Padre Hurtado se volvi\u00f3 un antecedente inc\u00f3modo para la Iglesia. Entonces sali\u00f3 la familia del sacerdote jesuita (sus sobrinos) a desmentir cualquier vinculaci\u00f3n entre ambos, y los miembros de la Compa\u00f1\u00eda de Jes\u00fas precisaron que los relatos eran exageraciones o, derechamente, mentiras. En abril de 2010, toda referencia al personaje de Karadima y al actor Pablo Ausensi fue eliminada de la p\u00e1gina de Wikipedia de la miniserie de Canal 13.<br \/>\nEl libro Los secretos del Imperio de Karadima de Juan Andr\u00e9s Guzm\u00e1n, Gustavo Villarrubia y M\u00f3nica Gonz\u00e1lez (Catalonia, 2011), sostiene al respecto y bas\u00e1ndose en fuentes jesuitas, que el sacerdote \u201cinvent\u00f3 una relaci\u00f3n con Alberto Hurtado\u201d. La investigaci\u00f3n se\u00f1ala que Karadima contaba que lo conoci\u00f3 a los 16 a\u00f1os, pero que en verdad esto ocurri\u00f3 en 1950 -dos a\u00f1os antes de la muerte de Hurtado-, cuando Karadima ten\u00eda 20 a\u00f1os y era funcionario del Banco Sudamericano. El texto asegura que fue una relaci\u00f3n superficial, desmiente que Hurtado fuera confesor de Karadima o que lo incentivara a ser sacerdote.<br \/>\nPor su parte, en el libro Karadima el se\u00f1or de los infiernos (Debate, 2011), de Mar\u00eda Olivia M\u00f6nckeberg, la periodista pregunta directamente al sacerdote jesuita Antonio Delfau: \u201c\u00bfQu\u00e9 saben ustedes, los jesuitas, de la verdadera relaci\u00f3n de Karadima con el Padre Hurtado?\u201d. El exdirector de la revista Mensaje responde: \u201cSabemos que hay mucho de fantas\u00eda en la historia que \u00e9l cuenta del padre Hurtado (\u2026) en ninguna cronolog\u00eda, en ninguna biograf\u00eda o estudio serio sobre el Padre Hurtado aparece su nombre\u201d.<br \/>\nSin embargo, una investigaci\u00f3n de La Tercera accedi\u00f3 a un documento oficial donde el expulsado sacerdote detalla su v\u00ednculo con el santo chileno. Se trata de los dos tomos de la Positio Super Virtutibus (Posici\u00f3n Sobre las Virtudes), publicada en Roma en 1987: el expediente del Vaticano que permiti\u00f3 la beatificaci\u00f3n en 1994 y posterior canonizaci\u00f3n en 2005 de Alberto Hurtado Cruchaga.<br \/>\nAll\u00ed se incluye, en extenso, el testimonio juramentado de 60 personas que conocieron en vida al sacerdote y que pod\u00edan dar cuenta de sus \u201cvirtudes heroicas\u201d. Uno de los primeros en declarar en 1977, cuando reci\u00e9n se inici\u00f3 el denominado \u201cproceso cognicional\u201d, fue Fernando Karadima Fari\u00f1a. Su testimonio es el n\u00famero diez. A lo largo de 31 carillas, el hoy exsacerdote da cuenta de sus vivencias como seguidor de Hurtado entre 1948 y 1952; los mensajes que dice que el jesuita le transmiti\u00f3 en privado sobre su vida y pensamiento, as\u00ed como experiencias de car\u00e1cter \u201cdivino\u201d que habr\u00eda experimentado el fundador del Hogar de Cristo. Varios extractos de su declaraci\u00f3n luego son reproducidos nuevamente en el compendio final de la Positio elaborado en El Vaticano entre 1986 y 1987, y aprobado por una comisi\u00f3n de te\u00f3logos en 1991.<br \/>\n\u201cEl testigo declara que todas sus respuestas a este interrogatorio se basan por el conocimiento directo que ha tenido de personas y hechos que se mencionan aqu\u00ed; sobre todo, sobre el conocimiento y trato que tuvo durante cerca de cinco a\u00f1os, en forma casi diaria con el Siervo de Dios\u201d, sostiene el documento.<br \/>\nLa copia del expediente con el proceso realizado por la Iglesia para santificar a Hurtado, y que incluye \u00edntegro el relato de Karadima, se encuentra en el Archivo de la Provincia Chilena de la Compa\u00f1\u00eda de Jes\u00fas, ubicado en calle Alonso de Ovalle, en Santiago.<br \/>\nSeg\u00fan su declaraci\u00f3n, conoci\u00f3 al religioso en 1948 cuando ten\u00eda 17 a\u00f1os. \u201cEstando trabajando en el Banco Sudamericano, fui invitado a una conferencia que deb\u00eda dar el P. Hurtado en el Colegio San Ignacio. Cuando est\u00e1bamos todos reunidos en el auditorio, apareci\u00f3 el Siervo de Dios y se excus\u00f3 de no poder dar la conferencia por tener que asistir a un enfermo grave; los pocos minutos que habl\u00f3, me impresion\u00f3 su manera tan humilde, tan humana como se excus\u00f3; sent\u00ed algo interior al ver en \u00e9l algo extraordinario, yo ten\u00eda entonces 17 a\u00f1os. Inmediatamente tom\u00e9 contacto con \u00e9l personalmente para confiarle mi alma y mi vocaci\u00f3n sacerdotal que ten\u00eda desde peque\u00f1o. Desde entonces el Padre fue mi gu\u00eda y director espiritual\u201d.<br \/>\nA continuaci\u00f3n detalla dos visiones que habr\u00eda tenido Hurtado en su juventud.\u201cEl Padre no era inclinado a hacer confidencias de car\u00e1cter personal, pero estimo que hizo una excepci\u00f3n conmigo (\u2026) Recuerdo dos hechos que el mismo Padre me narr\u00f3: cuando siendo todav\u00eda estudiante, en Lovaina, sinti\u00f3 una tentaci\u00f3n de abandonarlo todo. Se amarr\u00f3 a una columna con una cuerda d\u00e1ndose cien vueltas, fue sac\u00e1ndose el cordel y cada vuelta que deshac\u00eda iba diciendo: \u2018me estoy soltando de Jesucristo para poderme ir de la Compa\u00f1\u00eda\u2019, como reconociendo su debilidad; al t\u00e9rmino de desenrollarse el cordel sinti\u00f3 la necesidad de amarrarse otra vez a la columna y se fue al sagrario. En otra ocasi\u00f3n, siempre en Lovaina, sinti\u00f3 la sensaci\u00f3n de una inmensa soledad, entonces subi\u00f3 varios pisos hasta la terraza y encontr\u00f3 un sacerdote muy anciano y enfermo que le dijo: \u2018nunca se siente solo un hombre que tiene a Dios consigo\u2019. En esas palabras el Siervo de Dios percibi\u00f3 la voz de Dios\u201d.<br \/>\nLas conclusiones de la Positio, el documento elaborado en Roma por un relator designado por la Congregaci\u00f3n para las Causas de los Santos, destaca extractos del testimonio de Karadima. Uno para referirse a la labor de Hurtado como confesor: \u201cEn el ministerio de la confesi\u00f3n, que \u00e9l consideraba como el m\u00e1s grande, el Padre Hurtado era de una extraordinaria sensibilidad: jam\u00e1s retaba al penitente, y todos sal\u00edan felices, aun los que ten\u00edan problemas muy serios. En el confesionario el Padre Hurtado era verdaderamente un Buen Pastor\u201d.<br \/>\nEn otra parte se cita al sacerdote para se\u00f1alar que la creaci\u00f3n del Hogar de Cristo fue una idea s\u00fabita: \u201cPor lo que el Siervo de Dios me refiri\u00f3, s\u00e9 que la idea de fundar el Hogar de Cristo naci\u00f3 de \u00e9l, en una forma inesperada, cuando \u00e9l estaba predicando, cuando celebraba la misa con gran asistencia de fieles\u201d.<br \/>\nEn varios pasajes de su testimonio Karadima se\u00f1ala que su vocaci\u00f3n sacerdotal fue impulsada por el santo: \u201cEl a\u00f1o 1951, en la procesi\u00f3n de la Virgen del Carmen, yo iba al lado de \u00e9l, y mir\u00e1ndola fijamente me dijo: \u201cPrepara tus cosas porque la Virgen solucionar\u00e1 tus problemas a principios del pr\u00f3ximo a\u00f1o y t\u00fa entrar\u00e1s al Seminario\u201d. Yo entr\u00e9 efectivamente al Seminario en abril, habi\u00e9ndose solucionado en marzo mi problema, que era de car\u00e1cter familiar y econ\u00f3mico, en una forma que yo considero milagrosa\u201d.<br \/>\nPol\u00edtica y virtudes<br \/>\nSeg\u00fan el cuestionario del proceso cognicional, Karadima deb\u00eda ir detallando las distintas \u201cvirtudes heroicas\u201d que hac\u00edan a Hurtado merecedor de la santidad. Asimismo, aprovech\u00f3 de desmentir la principal dificultad que enfrent\u00f3 en su \u00e9poca el proceso de beatificaci\u00f3n: las supuestas simpat\u00edas pol\u00edticas de izquierda del sacerdote jesuita.<br \/>\n\u201cRecuerdo que en reuniones con universitarios, al manifestar su deseo de fundar la Asociaci\u00f3n Sindical Chilena, nos expres\u00f3 que \u00e9l se jugaba una carta muy dif\u00edcil, pero que Dios le ped\u00eda el dedicarse a ese apostolado social (\u2026) Nunca influy\u00f3 en materia pol\u00edtica. Lo que escuch\u00e9 de \u00e9l fueron los principios generales de la doctrina de la Iglesia. Recuerdo que al consultarle sobre qu\u00e9 candidato deb\u00eda votar en una elecci\u00f3n presidencial, creo que esto fue en el a\u00f1o 1952, su respuesta fue \u2018pide a Dios luces y vota en conciencia\u2019. Considero que la acusaci\u00f3n de \u2018tendencia comunista\u2019 en el P. Hurtado es absolutamente falsa y absurda. Recuerdo que en cierta ocasi\u00f3n, terminada la misa, tres caballeros fueron a hablar con el rector Pedro Alvarado para manifestarle que hab\u00eda ideas comunistas en la homil\u00eda de Hurtado\u201d.<br \/>\nSobre la labor social, el testimonio agrega que \u201crecuerdo en una ocasi\u00f3n haberlo acompa\u00f1ado a la c\u00e1rcel p\u00fablica, donde hab\u00eda unos 500 presos, me caus\u00f3 impresi\u00f3n el o\u00edr c\u00f3mo los presos gritaban \u2018lleg\u00f3 el ap\u00f3stol, el hombre que nos quiere mucho\u2019. S\u00e9, por otras personas, que el Padre pasaba encerrado en una celda algunos d\u00edas al a\u00f1o, para vivir la vida del preso\u201d.<br \/>\nEn cuanto a las virtudes espirituales, Karadima se\u00f1ala sobre el jesuita: \u201cLlamaba la atenci\u00f3n en \u00e9l la devoci\u00f3n con que celebraba la eucarist\u00eda, y si no hab\u00eda iglesia o capilla se hincaba en el suelo para adorar a Dios presente en todas partes. (\u2026) Exhortaba e insist\u00eda mucho en la pr\u00e1ctica de la humildad en la direcci\u00f3n espiritual y en su predicaci\u00f3n. Tambi\u00e9n aconsejaba actos de humildad tales como besar el suelo o golpear la cabeza contra el suelo para reprimir el orgullo (\u2026) En la predicaci\u00f3n exhortaba mucho a la penitencia, tambi\u00e9n corporal. El Siervo de Dios, como religioso y como sacerdote, vivi\u00f3 plenamente y en forma heroica su voto de castidad. Como todo ser humano, yo pienso que el P. Hurtado debi\u00f3 hacer violencia a su cuerpo para mantener su virtud, que en \u00e9l resplandec\u00eda de una manera transparente. Era un tema frecuente en su predicaci\u00f3n a los j\u00f3venes, especialmente durante los retiros\u201d.<br \/>\nSu testimonio tambi\u00e9n aborda la postura de Hurtado en temas morales: \u201cEn aquellas conversaciones en que se alud\u00eda a pecados tales como el aborto, la nulidad (civil) de los matrimonios, las injusticias sociales, etc., \u00e9l siempre recordaba frases del Evangelio tales como \u201csi tu mano es ocasi\u00f3n de pecado, c\u00f3rtala\u201d. Manifestaba horror hacia el pecado del esc\u00e1ndalo: a este respecto, recuerdo que habiendo aparecido por aquellos a\u00f1os un peri\u00f3dico de caracter pornogr\u00e1fico llamado Intimidad, gracias a una entrevista suya con el Presidente de la Rep\u00fablica, dicho pasqu\u00edn fue suprimido inmediatamente\u201d.<br \/>\nHoras finales<br \/>\nKaradima menciona en su relato una larga conversaci\u00f3n cuando Hurtado, afectado de un c\u00e1ncer, se retir\u00f3 por orden de sus superiores a una casa en Calera de Tango. Luego, ya internado en la Cl\u00ednica de la Universidad Cat\u00f3lica, dice en el expediente, volvieron a conversar d\u00edas antes de su muerte, una historia que a\u00f1os despu\u00e9s sol\u00eda repetir en la Iglesia de El Bosque. \u201cEncontr\u00e1ndome solo con \u00e9l en su pieza de la cl\u00ednica, el Padre me dijo: \u2018estoy mirando a Cristo cubierto con un velo, pero pronto se correr\u00e1 el velo y ver\u00e9 al Patr\u00f3n. \u00bfQuieres enviarle alg\u00fan recado al Patr\u00f3n y a la Patroncita?\u2019. Yo me arrodill\u00e9, llorando por la emoci\u00f3n, tom\u00e9 sus manos y le ped\u00ed tres cosas, de las cuales ya se cumplieron dos y conf\u00edo en que la tercera tambi\u00e9n se cumplir\u00e1\u201d.<\/p>\n<p>La narraci\u00f3n se\u00f1ala que \u201cel funeral se celebr\u00f3 el 20 de agosto, a las 10 de la ma\u00f1ana, en la Iglesia de San Ignacio. Al salir el cortejo en direcci\u00f3n a la iglesia de Jes\u00fas Obrero, donde iba a ser sepultado, vi encima de las torres de la iglesia formarse en el cielo una inmensa cruz de nubes que se mantuvo todo el rato que el f\u00e9retro estuvo frente a la puerta de la iglesia\u201d.<br \/>\nDeclaraci\u00f3n<br \/>\nCon motivo de este reportaje, el Departamento de Comunicaciones de la Compa\u00f1\u00eda de Jes\u00fas envi\u00f3 una declaraci\u00f3n que se\u00f1ala: \u201cEn el proceso de canonizaci\u00f3n del P. Alberto Hurtado se recibi\u00f3 el testimonio de 60 personas, que se refirieron a su vida y a su pr\u00e1ctica de las virtudes cristianas; una de esas personas fue el exsacerdote Fernando Karadima. Su testimonio ocupa veinte de las casi mil p\u00e1ginas reunidas. Karadima conoci\u00f3 al Padre Hurtado cuando asisti\u00f3 a una conferencia y despu\u00e9s convers\u00f3 varias veces con \u00e9l acerca de su vida espiritual, adem\u00e1s de participar en un grupo de discernimiento vocacional\u201d.<br \/>\nFuentes ligadas a la Compa\u00f1\u00eda de Jes\u00fas se\u00f1alaron que el exp\u00e1rroco de El Bosque fue citado a declarar al proceso de canonizaci\u00f3n debido a la relevancia que hab\u00eda adquirido en los a\u00f1os 70 y 80. En ese entonces, muchas veces Karadima cont\u00f3 en sus pr\u00e9dicas y en publicaciones sus vivencias con el Padre Hurtado, sin ser desmentido por los jesuitas.<br \/>\nLa Tercera<\/p>\n","protected":false},"excerpt":{"rendered":"<p>En el archivo de la Compa\u00f1\u00eda de Jes\u00fas est\u00e1 el expediente de 1987 que realiz\u00f3 el Vaticano para santificar a Alberto Hurtado. Uno de los&#8230;<\/p>\n","protected":false},"author":2,"featured_media":2842,"comment_status":"closed","ping_status":"open","sticky":false,"template":"","format":"standard","meta":{"footnotes":""},"categories":[4,267],"tags":[],"_links":{"self":[{"href":"http:\/\/www.primeranota.cl\/web\/wp-json\/wp\/v2\/posts\/3387"}],"collection":[{"href":"http:\/\/www.primeranota.cl\/web\/wp-json\/wp\/v2\/posts"}],"about":[{"href":"http:\/\/www.primeranota.cl\/web\/wp-json\/wp\/v2\/types\/post"}],"author":[{"embeddable":true,"href":"http:\/\/www.primeranota.cl\/web\/wp-json\/wp\/v2\/users\/2"}],"replies":[{"embeddable":true,"href":"http:\/\/www.primeranota.cl\/web\/wp-json\/wp\/v2\/comments?post=3387"}],"version-history":[{"count":1,"href":"http:\/\/www.primeranota.cl\/web\/wp-json\/wp\/v2\/posts\/3387\/revisions"}],"predecessor-version":[{"id":3388,"href":"http:\/\/www.primeranota.cl\/web\/wp-json\/wp\/v2\/posts\/3387\/revisions\/3388"}],"wp:featuredmedia":[{"embeddable":true,"href":"http:\/\/www.primeranota.cl\/web\/wp-json\/wp\/v2\/media\/2842"}],"wp:attachment":[{"href":"http:\/\/www.primeranota.cl\/web\/wp-json\/wp\/v2\/media?parent=3387"}],"wp:term":[{"taxonomy":"category","embeddable":true,"href":"http:\/\/www.primeranota.cl\/web\/wp-json\/wp\/v2\/categories?post=3387"},{"taxonomy":"post_tag","embeddable":true,"href":"http:\/\/www.primeranota.cl\/web\/wp-json\/wp\/v2\/tags?post=3387"}],"curies":[{"name":"wp","href":"https:\/\/api.w.org\/{rel}","templated":true}]}}