{"id":3422,"date":"2018-10-22T07:40:14","date_gmt":"2018-10-22T10:40:14","guid":{"rendered":"http:\/\/www.primeranota.cl\/web\/?p=3422"},"modified":"2018-10-22T07:40:14","modified_gmt":"2018-10-22T10:40:14","slug":"presidente-pinera-anuncio-modificaciones-a-las-fuerzas-armadas-y-de-orden","status":"publish","type":"post","link":"http:\/\/www.primeranota.cl\/web\/pais\/presidente-pinera-anuncio-modificaciones-a-las-fuerzas-armadas-y-de-orden\/","title":{"rendered":"Presidente Pi\u00f1era anuncio modificaciones a las Fuerzas Armadas y de Orden"},"content":{"rendered":"<p>En el marco de las actividades en la Regi\u00f3n de Magallanes, Sebasti\u00e1n Pi\u00f1era convers\u00f3 acerca de varios temas, como por ejemplo los \u00faltimos incidentes ocurridos en el Ej\u00e9rcito, el mandatario coment\u00f3 que las Fuerzas Armadas creen que tienen excesiva autonom\u00eda del Poder Civil, lo que viene heredaro de la Dictadura.<br \/>\n&#8220;Creo que, en el pasado, las Fuerzas Armadas y de Orden en General han tenido un grado de autonom\u00eda que no ha permito que el Poder Civil, democr\u00e1ticamente, ejerza un mayor control en materia de providad y de buen uso de recursos p\u00fablicos&#8221;, expres\u00f3.<br \/>\nPi\u00f1era record\u00f3 que aquello fue algo que cambi\u00f3 en Carabineros, a trav\u00e9s de la reforma que &#8220;establece que muchas de esas labores de control y de prevenci\u00f3n, para evitar actos contra la providad, no van a ser realizados por miembros de las filas de la instituci\u00f3n, sino que personal civil, elegido por sorteo p\u00fablico&#8221;.<br \/>\nEs por ello que la m\u00e1xima autoridad apunt\u00f3 a que &#8220;algo parecido vamos a desarrollar tambi\u00e9n en el Ej\u00e9rcito de Chile y en todas las ramas de las Fuerzas Armadas y de Orden&#8221;.<\/p>\n","protected":false},"excerpt":{"rendered":"<p>En el marco de las actividades en la Regi\u00f3n de Magallanes, Sebasti\u00e1n Pi\u00f1era convers\u00f3 acerca de varios temas, como por ejemplo los \u00faltimos incidentes ocurridos&#8230;<\/p>\n","protected":false},"author":2,"featured_media":3259,"comment_status":"closed","ping_status":"open","sticky":false,"template":"","format":"standard","meta":{"footnotes":""},"categories":[4,267],"tags":[],"_links":{"self":[{"href":"http:\/\/www.primeranota.cl\/web\/wp-json\/wp\/v2\/posts\/3422"}],"collection":[{"href":"http:\/\/www.primeranota.cl\/web\/wp-json\/wp\/v2\/posts"}],"about":[{"href":"http:\/\/www.primeranota.cl\/web\/wp-json\/wp\/v2\/types\/post"}],"author":[{"embeddable":true,"href":"http:\/\/www.primeranota.cl\/web\/wp-json\/wp\/v2\/users\/2"}],"replies":[{"embeddable":true,"href":"http:\/\/www.primeranota.cl\/web\/wp-json\/wp\/v2\/comments?post=3422"}],"version-history":[{"count":1,"href":"http:\/\/www.primeranota.cl\/web\/wp-json\/wp\/v2\/posts\/3422\/revisions"}],"predecessor-version":[{"id":3423,"href":"http:\/\/www.primeranota.cl\/web\/wp-json\/wp\/v2\/posts\/3422\/revisions\/3423"}],"wp:featuredmedia":[{"embeddable":true,"href":"http:\/\/www.primeranota.cl\/web\/wp-json\/wp\/v2\/media\/3259"}],"wp:attachment":[{"href":"http:\/\/www.primeranota.cl\/web\/wp-json\/wp\/v2\/media?parent=3422"}],"wp:term":[{"taxonomy":"category","embeddable":true,"href":"http:\/\/www.primeranota.cl\/web\/wp-json\/wp\/v2\/categories?post=3422"},{"taxonomy":"post_tag","embeddable":true,"href":"http:\/\/www.primeranota.cl\/web\/wp-json\/wp\/v2\/tags?post=3422"}],"curies":[{"name":"wp","href":"https:\/\/api.w.org\/{rel}","templated":true}]}}