{"id":3429,"date":"2018-10-22T11:32:04","date_gmt":"2018-10-22T14:32:04","guid":{"rendered":"http:\/\/www.primeranota.cl\/web\/?p=3429"},"modified":"2018-10-22T11:32:04","modified_gmt":"2018-10-22T14:32:04","slug":"huenchumilla-activa-debate-de-ley-antiterrorista-e-invita-a-abogados-y-fiscales-de-caso-luchsinger","status":"publish","type":"post","link":"http:\/\/www.primeranota.cl\/web\/pais\/huenchumilla-activa-debate-de-ley-antiterrorista-e-invita-a-abogados-y-fiscales-de-caso-luchsinger\/","title":{"rendered":"Huenchumilla activa debate de Ley Antiterrorista e invita a abogados y fiscales de caso Luchsinger"},"content":{"rendered":"<p>Con el objeto de comprender en forma clara y precisa las implicancias de la Ley Antiterrorista y sus eventuales cambios, el presidente de la comisi\u00f3n de Constituci\u00f3n, Francisco Huenchumilla, se\u00f1al\u00f3 que a partir de las 10:30 de la ma\u00f1ana del martes 23 se escuchar\u00e1n a los abogados ligados al caso Luchsinger y al ministro del Interior.<\/p>\n<p>Asimismo, el parlamentario de La Araucan\u00eda coment\u00f3 que van a seguir tramitando el proyecto de ley sobre conductas terroristas \u201cy para esos efectos hemos invitado a los abogados que participaron en el caso Luchsinger-Mackay y tambi\u00e9n a los fiscales que participaron en el caso\u201d. <\/p>\n<p>\u201cTambi\u00e9n esperamos contar con la presencia del ministro del Interior porque lo que queremos es analizar la aplicaci\u00f3n de la Ley Antiterrorista de este caso concreto con abogados que participaron en este caso. Podr\u00edamos decir en t\u00e9rminos coloquiales, los abogados que con la guitarra en la mano aplicaron esta ley en un caso concreto\u201d, afirm\u00f3.<\/p>\n<p>De igual manera, el senador Huenchumilla aclar\u00f3 que han sido invitados para la sesi\u00f3n del pr\u00f3ximo martes el Ministro del Interior y Seguridad P\u00fablica, Andr\u00e9s Chadwick; el Fiscal Regional de La Araucan\u00eda, Cristi\u00e1n Paredes y el Fiscal Adjunto Jefe, Alberto Chiffelle, y los abogados Carlos Tenorio, Pablo Ortega y Mauricio Daza.<\/p>\n","protected":false},"excerpt":{"rendered":"<p>Con el objeto de comprender en forma clara y precisa las implicancias de la Ley Antiterrorista y sus eventuales cambios, el presidente de la comisi\u00f3n&#8230;<\/p>\n","protected":false},"author":2,"featured_media":1073,"comment_status":"closed","ping_status":"open","sticky":false,"template":"","format":"standard","meta":{"footnotes":""},"categories":[4,267],"tags":[],"_links":{"self":[{"href":"http:\/\/www.primeranota.cl\/web\/wp-json\/wp\/v2\/posts\/3429"}],"collection":[{"href":"http:\/\/www.primeranota.cl\/web\/wp-json\/wp\/v2\/posts"}],"about":[{"href":"http:\/\/www.primeranota.cl\/web\/wp-json\/wp\/v2\/types\/post"}],"author":[{"embeddable":true,"href":"http:\/\/www.primeranota.cl\/web\/wp-json\/wp\/v2\/users\/2"}],"replies":[{"embeddable":true,"href":"http:\/\/www.primeranota.cl\/web\/wp-json\/wp\/v2\/comments?post=3429"}],"version-history":[{"count":1,"href":"http:\/\/www.primeranota.cl\/web\/wp-json\/wp\/v2\/posts\/3429\/revisions"}],"predecessor-version":[{"id":3430,"href":"http:\/\/www.primeranota.cl\/web\/wp-json\/wp\/v2\/posts\/3429\/revisions\/3430"}],"wp:featuredmedia":[{"embeddable":true,"href":"http:\/\/www.primeranota.cl\/web\/wp-json\/wp\/v2\/media\/1073"}],"wp:attachment":[{"href":"http:\/\/www.primeranota.cl\/web\/wp-json\/wp\/v2\/media?parent=3429"}],"wp:term":[{"taxonomy":"category","embeddable":true,"href":"http:\/\/www.primeranota.cl\/web\/wp-json\/wp\/v2\/categories?post=3429"},{"taxonomy":"post_tag","embeddable":true,"href":"http:\/\/www.primeranota.cl\/web\/wp-json\/wp\/v2\/tags?post=3429"}],"curies":[{"name":"wp","href":"https:\/\/api.w.org\/{rel}","templated":true}]}}