{"id":3462,"date":"2018-10-23T13:41:01","date_gmt":"2018-10-23T16:41:01","guid":{"rendered":"http:\/\/www.primeranota.cl\/web\/?p=3462"},"modified":"2018-10-23T13:41:01","modified_gmt":"2018-10-23T16:41:01","slug":"amra-capacita-a-los-concejales-de-la-region","status":"publish","type":"post","link":"http:\/\/www.primeranota.cl\/web\/region\/amra-capacita-a-los-concejales-de-la-region\/","title":{"rendered":"Amra capacita a los Concejales de la regi\u00f3n"},"content":{"rendered":"<p><em><strong>&#8220;Como AMRA nos interesa aportar al fortalecimiento de los concejales y por distintas razones, a veces deben tomar decisiones y no tienen la informaci\u00f3n, o hay\u00a0 cambios en la normativa y como autoridades locales deben estar al tanto&#8221;, se\u00f1al\u00f3 \u00a0el presidente de la AMRA, Manuel Painiqueo.<\/strong><\/em><\/p>\n<p>Con el prop\u00f3sito de apoyar t\u00e9cnicamente al fortalecimiento de capacidades y competencias de los concejos municipales, la AMRA\u00a0 realiz\u00f3 una jornada de capacitaci\u00f3n sobre el rol del concejo, proyecciones\u00a0 y desaf\u00edos a dos a\u00f1os de gesti\u00f3n en la comuna de Angol. Esta actividad cont\u00f3 con expertos quienes sostuvieron un intercambio y di\u00e1logo sobre dificultades, aprendizajes, experiencias exitosas, y desaf\u00edos en cuanto al rol del concejo municipal<\/p>\n<p>Para profundizar en el rol del concejo municipal, se cont\u00f3 con la participaci\u00f3n del\u00a0 Contralor Regional, Rafael D\u00edaz &#8211; Vald\u00e9s, adem\u00e1s de profesionales con vasta trayectoria y experiencia en gesti\u00f3n municipal, como es el caso de Hugo Vidal de la Municipalidad de Curacaut\u00edn, Oscar Albornoz de la Municipalidad de Padre las Casas y Sergio Paredes de Angol.<\/p>\n<p>El directorio en ejercicio liderado por el alcalde de Lumaco, dispuso descentralizar\u00a0 la gesti\u00f3n asociativa, ofrecer un espacio de encuentro a los concejales de Malleco y acercar informaci\u00f3n valiosa y \u00fatil para la toma de decisiones, fue as\u00ed que el\u00a0 Observatorio Laboral, dirigido por Fabiola Ramos present\u00f3 datos de las brechas de capital humano que existen en las comunas en comparaci\u00f3n a la oferta laboral. &#8220;Quisimos presentar datos, donde los municipios, entre otros actores, creemos deber\u00edan tomar decisiones estrat\u00e9gicas para\u00a0 poder disminuir estas brechas, prepararse como comunas\u00a0 y frenar as\u00ed esta migraci\u00f3n que existe tambi\u00e9n a nivel local por falta de espacios laborales&#8221;, enfatiz\u00f3 Fabiola Ramos.<\/p>\n<p>Con el inter\u00e9s de repetir el mismo ejercicio para los concejales de la provincia de Malleco, el pr\u00f3ximo jueves 25 de octubre, a partir de las 9:30 de la ma\u00f1ana en el sal\u00f3n auditorio Ulises Valderrama de la Intendencia, se realizar\u00e1 la segunda versi\u00f3n de esta jornada\u00a0 para concejos municipales de Caut\u00edn. No obstante igual podr\u00e1n sumarse quienes no asistieron a la versi\u00f3n realizada en Angol.<\/p>\n","protected":false},"excerpt":{"rendered":"<p>&#8220;Como AMRA nos interesa aportar al fortalecimiento de los concejales y por distintas razones, a veces deben tomar decisiones y no tienen la informaci\u00f3n, o&#8230;<\/p>\n","protected":false},"author":2,"featured_media":3463,"comment_status":"closed","ping_status":"open","sticky":false,"template":"","format":"standard","meta":{"footnotes":""},"categories":[3],"tags":[],"_links":{"self":[{"href":"http:\/\/www.primeranota.cl\/web\/wp-json\/wp\/v2\/posts\/3462"}],"collection":[{"href":"http:\/\/www.primeranota.cl\/web\/wp-json\/wp\/v2\/posts"}],"about":[{"href":"http:\/\/www.primeranota.cl\/web\/wp-json\/wp\/v2\/types\/post"}],"author":[{"embeddable":true,"href":"http:\/\/www.primeranota.cl\/web\/wp-json\/wp\/v2\/users\/2"}],"replies":[{"embeddable":true,"href":"http:\/\/www.primeranota.cl\/web\/wp-json\/wp\/v2\/comments?post=3462"}],"version-history":[{"count":1,"href":"http:\/\/www.primeranota.cl\/web\/wp-json\/wp\/v2\/posts\/3462\/revisions"}],"predecessor-version":[{"id":3464,"href":"http:\/\/www.primeranota.cl\/web\/wp-json\/wp\/v2\/posts\/3462\/revisions\/3464"}],"wp:featuredmedia":[{"embeddable":true,"href":"http:\/\/www.primeranota.cl\/web\/wp-json\/wp\/v2\/media\/3463"}],"wp:attachment":[{"href":"http:\/\/www.primeranota.cl\/web\/wp-json\/wp\/v2\/media?parent=3462"}],"wp:term":[{"taxonomy":"category","embeddable":true,"href":"http:\/\/www.primeranota.cl\/web\/wp-json\/wp\/v2\/categories?post=3462"},{"taxonomy":"post_tag","embeddable":true,"href":"http:\/\/www.primeranota.cl\/web\/wp-json\/wp\/v2\/tags?post=3462"}],"curies":[{"name":"wp","href":"https:\/\/api.w.org\/{rel}","templated":true}]}}