{"id":3489,"date":"2018-10-24T07:39:32","date_gmt":"2018-10-24T10:39:32","guid":{"rendered":"http:\/\/www.primeranota.cl\/web\/?p=3489"},"modified":"2018-10-24T07:39:32","modified_gmt":"2018-10-24T10:39:32","slug":"golpe-a-la-moneda-se-re-escribe-proyecto-aula-segura","status":"publish","type":"post","link":"http:\/\/www.primeranota.cl\/web\/pais\/golpe-a-la-moneda-se-re-escribe-proyecto-aula-segura\/","title":{"rendered":"Golpe a la Moneda : se re escribe proyecto Aula Segura"},"content":{"rendered":"<p>Durante la votaci\u00f3n en particular, se rechazaron todas las indicaciones presentadas por el Ejecutivo, en espec\u00edfico, las que establecen la obligaci\u00f3n del director de colegio a expulsar y tambi\u00e9n la de las dos causales referidas a las infracciones a la ley de armas y lesiones graves.<\/p>\n<p>La oposici\u00f3n en tanto aprob\u00f3 sus propias indicaciones, sobre facultar al director del colegio para poder expulsar y que la suspensi\u00f3n debe ser una medida cautelar.<\/p>\n<p>Tambi\u00e9n se extiende la posible separaci\u00f3n del estudiante a cualquiera de las causales graves o grav\u00edsimas que est\u00e9n establecidas en el reglamento interno de cada uno de los colegios.<\/p>\n<p>Adem\u00e1s, se aprob\u00f3 una indicaci\u00f3n para cambiar el nombre a la iniciativa por proyecto de ley &#8220;que fortalece las facultades de los directores de los establecimientos educacionales en materia de convivencia escolar&#8221;, a diferencia de la versi\u00f3n original que hablaba de expulsiones.<\/p>\n<p>La ministra de Educaci\u00f3n, Marcela Cubillos, reaccion\u00f3 con molestia y asegur\u00f3 que las indicaciones de la oposici\u00f3n ser\u00edan inadmisibles porque no van en el esp\u00edritu del proyecto originalmente presentado.<\/p>\n<p>&#8220;Nos parece que esto desnuda lo que ha sido este mes de debate. Hay temor por parte de algunos senadores para decir las cosas por su nombre, aqu\u00ed no se habla de la violencia que estamos enfrentando, se pone todo dentro de un marco de infracciones graves o grav\u00edsimas&#8221;, dijo la titular de Educaci\u00f3n.<\/p>\n<p>&#8220;Lo que es peor, bajo este texto se asimila al alumno que lanza la molotov al alumno que falsifica la firma del apoderado. Est\u00e1n pensando los senadores autores y promotores de esta indicaci\u00f3n que es igualmente grave esos hechos que lanzar una bomba molotov o rociar con bencina a un profesor, porque quiere decir entonces que aqu\u00ed no se ha entendido nada de lo que ha sido el debate durante todo este mes&#8221;, a\u00f1adi\u00f3 la secretaria de Estado.<\/p>\n<p>La secretaria de Estado critic\u00f3 que &#8220;no se atrevieron a votar en contra del proyecto que combat\u00eda la violencia en los colegios y no se atrevieron a legislar en contra de la violencia en los colegios&#8221;.<\/p>\n<p>&#8220;En la indicaci\u00f3n presentada por la Nueva Mayor\u00eda se ampara a los estudiantes que incurren en esos actos de violencia. Nosotros ma\u00f1ana vamos a renovar la indicaci\u00f3n del Ejecutivo en la Sala (del Senado) y esperamos que quienes han dicho durante este mes que condenan los hechos de violencia, se atrevan y lo pongan por escrito en el proyecto de ley&#8221;, asever\u00f3.<\/p>\n<p>Por su parte, la presidenta de la Comisi\u00f3n de Educaci\u00f3n, la senadora DC, Yasna Provoste, pidi\u00f3 no hablar del proyecto del Ejecutivo &#8220;porque ese proyecto fue rechazado&#8221;.<\/p>\n<p>&#8220;Y la sensaci\u00f3n que a una le queda es que nunca le import\u00f3 finalmente al Ejecutivo mirar a las comunidades educativas. Han se\u00f1alado majaderamente el uso y el porte de bombas molotov, lo que nosotros hemos dicho &#8216;eso es un delito&#8217; y, por lo tanto, lo que hizo nuestro proyecto de Aula Democr\u00e1tica y Convivencia Segura es que efectivamente es la propia comunidad educativa la que mira sus reglamentos internos&#8221;, sentenci\u00f3.<\/p>\n<p>Cr\u00e9dito Cooperativa<\/p>\n","protected":false},"excerpt":{"rendered":"<p>Durante la votaci\u00f3n en particular, se rechazaron todas las indicaciones presentadas por el Ejecutivo, en espec\u00edfico, las que establecen la obligaci\u00f3n del director de colegio&#8230;<\/p>\n","protected":false},"author":2,"featured_media":3251,"comment_status":"closed","ping_status":"open","sticky":false,"template":"","format":"standard","meta":{"footnotes":""},"categories":[4,267],"tags":[],"_links":{"self":[{"href":"http:\/\/www.primeranota.cl\/web\/wp-json\/wp\/v2\/posts\/3489"}],"collection":[{"href":"http:\/\/www.primeranota.cl\/web\/wp-json\/wp\/v2\/posts"}],"about":[{"href":"http:\/\/www.primeranota.cl\/web\/wp-json\/wp\/v2\/types\/post"}],"author":[{"embeddable":true,"href":"http:\/\/www.primeranota.cl\/web\/wp-json\/wp\/v2\/users\/2"}],"replies":[{"embeddable":true,"href":"http:\/\/www.primeranota.cl\/web\/wp-json\/wp\/v2\/comments?post=3489"}],"version-history":[{"count":1,"href":"http:\/\/www.primeranota.cl\/web\/wp-json\/wp\/v2\/posts\/3489\/revisions"}],"predecessor-version":[{"id":3490,"href":"http:\/\/www.primeranota.cl\/web\/wp-json\/wp\/v2\/posts\/3489\/revisions\/3490"}],"wp:featuredmedia":[{"embeddable":true,"href":"http:\/\/www.primeranota.cl\/web\/wp-json\/wp\/v2\/media\/3251"}],"wp:attachment":[{"href":"http:\/\/www.primeranota.cl\/web\/wp-json\/wp\/v2\/media?parent=3489"}],"wp:term":[{"taxonomy":"category","embeddable":true,"href":"http:\/\/www.primeranota.cl\/web\/wp-json\/wp\/v2\/categories?post=3489"},{"taxonomy":"post_tag","embeddable":true,"href":"http:\/\/www.primeranota.cl\/web\/wp-json\/wp\/v2\/tags?post=3489"}],"curies":[{"name":"wp","href":"https:\/\/api.w.org\/{rel}","templated":true}]}}