{"id":3527,"date":"2018-10-25T18:31:25","date_gmt":"2018-10-25T21:31:25","guid":{"rendered":"http:\/\/www.primeranota.cl\/web\/?p=3527"},"modified":"2018-10-25T18:31:25","modified_gmt":"2018-10-25T21:31:25","slug":"ministro-moreno-arriesga-multa-por-no-responder-a-fiscalizacion-de-diputado-saffirio","status":"publish","type":"post","link":"http:\/\/www.primeranota.cl\/web\/pais\/ministro-moreno-arriesga-multa-por-no-responder-a-fiscalizacion-de-diputado-saffirio\/","title":{"rendered":"Ministro Moreno arriesga multa por no responder a fiscalizaci\u00f3n de diputado Saffirio"},"content":{"rendered":"<p>El Ministro de Desarrollo Social, Alfredo Moreno, podr\u00eda ser multado con una remuneraci\u00f3n mensual luego de transcurrir m\u00e1s de 30 d\u00edas sin respuesta a la solicitud de fiscalizaci\u00f3n, emitida el pasado 4 de septiembre, por el diputado independiente Ren\u00e9 Saffirio, a trav\u00e9s de la C\u00e1mara, mediante el oficio N\u00b0 10542.<br \/>\nEn aquel documento, el parlamentario de La Araucan\u00eda pidi\u00f3 que se informara sobre las acciones de supervisi\u00f3n que ha realizado el Servicio Nacional del Adulto Mayor durante el presente a\u00f1o, sobre las instituciones a que se refiere la letra f) del art\u00edculo 3\u00b0 de la ley N\u00b019.828.<br \/>\nEsta norma establece que una de las funciones del SENAMA consiste en \u201cPrestar asistencia t\u00e9cnica y supervisar a organismos privados con o sin fines de lucro que brinden acogida y atenci\u00f3n integral al adulto mayor que facilite su inserci\u00f3n a la sociedad.\u201d<br \/>\nEn esa ocasi\u00f3n, el legislador  tambi\u00e9n solicit\u00f3 antecedentes, datos o estad\u00edsticas detalladas respecto del estado de salud y\/o enfermedades cr\u00f3nicas, situaci\u00f3n de discapacidad y caracterizaci\u00f3n socio-econ\u00f3mica de los Adultos Mayores que actualmente reciben atenci\u00f3n en estas instituciones.<br \/>\nComo al cabo de transcurridos 30 d\u00edas, no hubo respuesta, y como lo indica el art\u00edculo 10 de la ley N\u00b018.918, el Subsecretario, en su calidad de Jefe superior del Servicio, es responsable del cumplimiento de entregar los antecedentes requeridos y \u201cDe no haber respuesta a este oficio, y en virtud de la norma antes citada, corresponder\u00e1 iniciar el procedimiento administrativo ante la Contralor\u00eda General de la Rep\u00fablica, a fin de sancionar el incumplimiento de la obligaci\u00f3n de informar, con una multa equivalente a una remuneraci\u00f3n mensual\u201d.<br \/>\nROL FISCALIZADOR<br \/>\nEl art\u00edculo 9\u00b0 de la Ley N\u00b0 18.918, org\u00e1nica constitucional del Congreso Nacional y el art\u00edculo 308 del Reglamento de la C\u00e1mara de Diputados confiere al parlamentario realizar acciones de fiscalizaci\u00f3n al Poder Ejecutivo y de insistir cuando no haya respuesta.<\/p>\n","protected":false},"excerpt":{"rendered":"<p>El Ministro de Desarrollo Social, Alfredo Moreno, podr\u00eda ser multado con una remuneraci\u00f3n mensual luego de transcurrir m\u00e1s de 30 d\u00edas sin respuesta a la&#8230;<\/p>\n","protected":false},"author":2,"featured_media":901,"comment_status":"closed","ping_status":"open","sticky":false,"template":"","format":"standard","meta":{"footnotes":""},"categories":[4,267],"tags":[],"_links":{"self":[{"href":"http:\/\/www.primeranota.cl\/web\/wp-json\/wp\/v2\/posts\/3527"}],"collection":[{"href":"http:\/\/www.primeranota.cl\/web\/wp-json\/wp\/v2\/posts"}],"about":[{"href":"http:\/\/www.primeranota.cl\/web\/wp-json\/wp\/v2\/types\/post"}],"author":[{"embeddable":true,"href":"http:\/\/www.primeranota.cl\/web\/wp-json\/wp\/v2\/users\/2"}],"replies":[{"embeddable":true,"href":"http:\/\/www.primeranota.cl\/web\/wp-json\/wp\/v2\/comments?post=3527"}],"version-history":[{"count":1,"href":"http:\/\/www.primeranota.cl\/web\/wp-json\/wp\/v2\/posts\/3527\/revisions"}],"predecessor-version":[{"id":3528,"href":"http:\/\/www.primeranota.cl\/web\/wp-json\/wp\/v2\/posts\/3527\/revisions\/3528"}],"wp:featuredmedia":[{"embeddable":true,"href":"http:\/\/www.primeranota.cl\/web\/wp-json\/wp\/v2\/media\/901"}],"wp:attachment":[{"href":"http:\/\/www.primeranota.cl\/web\/wp-json\/wp\/v2\/media?parent=3527"}],"wp:term":[{"taxonomy":"category","embeddable":true,"href":"http:\/\/www.primeranota.cl\/web\/wp-json\/wp\/v2\/categories?post=3527"},{"taxonomy":"post_tag","embeddable":true,"href":"http:\/\/www.primeranota.cl\/web\/wp-json\/wp\/v2\/tags?post=3527"}],"curies":[{"name":"wp","href":"https:\/\/api.w.org\/{rel}","templated":true}]}}