{"id":3537,"date":"2018-10-26T08:10:26","date_gmt":"2018-10-26T11:10:26","guid":{"rendered":"http:\/\/www.primeranota.cl\/web\/?p=3537"},"modified":"2018-10-26T08:10:26","modified_gmt":"2018-10-26T11:10:26","slug":"trabajadores-del-congreso-resienten-posible-politizacion-de-nuevos-cargos-propuestos-por-el-senador-montes","status":"publish","type":"post","link":"http:\/\/www.primeranota.cl\/web\/pais\/trabajadores-del-congreso-resienten-posible-politizacion-de-nuevos-cargos-propuestos-por-el-senador-montes\/","title":{"rendered":"Trabajadores del Congreso resienten posible politizaci\u00f3n de nuevos cargos propuestos por el Senador Montes"},"content":{"rendered":"<p>El presidente de la C\u00e1mara Alta incluy\u00f3 en su propuesta la creaci\u00f3n de tres nuevas figuras en la org\u00e1nica de la corporaci\u00f3n: la de un prosecretario legislativo, otro de finanzas y uno especial para comunicaciones. Estas forman parte de su plan como presidente de la mesa y que ha sido socializado con varios parlamentarios.<\/p>\n<p>Hasta ahora existe en el Senado solo un prosecretario, que posee tambi\u00e9n el rango de tesorero: Jos\u00e9 Luis Alliende, quien seg\u00fan registros de Transparencia Activa, percibe un sueldo cercano a los $9,3 millones, pero que en el mes en que se entregan bonos por complemento de jornadas, bienios y cumplimiento de metas, la cifra pasa los $20 millones.<\/p>\n<p>La creaci\u00f3n de estos cargos es lo que m\u00e1s resienten los funcionarios. Y seg\u00fan lo que explican en su carta, su reclutamiento no saldr\u00eda desde la carrera funcionaria, sino que desde afuera, cre\u00e1ndose, a su juicio, cargos de confianza pol\u00edtica.<\/p>\n<p>\u201cEn el plano de la organizaci\u00f3n de los servicios se ha propuesto dividir la prosecretar\u00eda en tres unidades: legislativa, administrativa y de tecnolog\u00edas de la informaci\u00f3n y de las comunicaciones, cargos del m\u00e1s alto rango en la estructura del servicio, que triplicar\u00edan el gasto actual en el rubro respectivo\u201d, dice la declaraci\u00f3n de los trabajadores del Senado, difundida hace algunos d\u00edas a todos los senadores mediante una carta.<\/p>\n<p>En el escrito de cuatro p\u00e1ginas los funcionarios reclaman que estos puestos no se justifican. \u201cAdem\u00e1s, dichos cargos ser\u00edan de exclusiva confianza pol\u00edtica y eventualmente podr\u00edan ser llenados por personas ajenas a la carrera funcionaria. Las asociaciones firmantes de esta declaraci\u00f3n estimamos injustificada e inconveniente la idea de crear estos cargos y la forma de proveerlos\u201d, se agreg\u00f3.<\/p>\n<p>En la misiva -firmada por el presidente de la asociaci\u00f3n de funcionarios, Erwin Valencio; por su par de la Asociaci\u00f3n de Profesionales, Fernando Soffia y por el presidente de la Asociaci\u00f3n de Secretar\u00eda, Pedro Fadic-, tambi\u00e9n se alude a las remuneraciones.<\/p>\n<p>\u201cSe ha hecho gran caudal de las remuneraciones del personal de manera an\u00f3nima e irresponsable\u201d, se leen en la carta, en virtud de las altas remuneraciones que seg\u00fan Transparencia Activa del Senado.cl perciben los altos cargos de planta y contrata, tanto de la C\u00e1mara como del Senado. El asunto, seg\u00fan estudios comparados, es un denominador com\u00fan en varias reparticiones p\u00fablicas.<br \/>\nAs\u00ed, el escrito finaliza con una reflexi\u00f3n: \u201cEstimamos que el importante aumento del gasto que genera la creaci\u00f3n de las mencionadas prosecretar\u00edas bien podr\u00eda destinarse a la urgente tarea de mejorar la situaci\u00f3n remuneratoria de los funcionarios ubicados en las \u00faltimas dos categor\u00edas de la planta de personal\u201d.<\/p>\n<p>Tras ser consultados por La Tercera, desde el equipo del senador Montes se\u00f1alan que, en virtud de esta carta, se reuni\u00f3 con las distintas directivas de las asociaciones el pasado 16 de octubre. Y que en esa instancia se abordaron los distintos puntos se\u00f1alados en la carta, asegur\u00e1ndoles a los funcionarios que los nuevos cargos no se nominar\u00e1n sino a trav\u00e9s de procedimientos claros y transparentes.<\/p>\n<p>Seg\u00fan versiones, algunos senadores han manifestado tambi\u00e9n su oposici\u00f3n a esta parte del proyecto. Entre ellos, el senador RN Manuel Jos\u00e9 Ossand\u00f3n, quien ha se\u00f1alado p\u00fablicamente que se opone a hacer cambios sin que antes se de conocer la realidad de los sueldos y necesidades de cambios para la corporaci\u00f3n, a trav\u00e9s de una auditor\u00eda externa o estudio especializado.<\/p>\n","protected":false},"excerpt":{"rendered":"<p>El presidente de la C\u00e1mara Alta incluy\u00f3 en su propuesta la creaci\u00f3n de tres nuevas figuras en la org\u00e1nica de la corporaci\u00f3n: la de un&#8230;<\/p>\n","protected":false},"author":2,"featured_media":3538,"comment_status":"closed","ping_status":"open","sticky":false,"template":"","format":"standard","meta":{"footnotes":""},"categories":[4,267],"tags":[],"_links":{"self":[{"href":"http:\/\/www.primeranota.cl\/web\/wp-json\/wp\/v2\/posts\/3537"}],"collection":[{"href":"http:\/\/www.primeranota.cl\/web\/wp-json\/wp\/v2\/posts"}],"about":[{"href":"http:\/\/www.primeranota.cl\/web\/wp-json\/wp\/v2\/types\/post"}],"author":[{"embeddable":true,"href":"http:\/\/www.primeranota.cl\/web\/wp-json\/wp\/v2\/users\/2"}],"replies":[{"embeddable":true,"href":"http:\/\/www.primeranota.cl\/web\/wp-json\/wp\/v2\/comments?post=3537"}],"version-history":[{"count":1,"href":"http:\/\/www.primeranota.cl\/web\/wp-json\/wp\/v2\/posts\/3537\/revisions"}],"predecessor-version":[{"id":3539,"href":"http:\/\/www.primeranota.cl\/web\/wp-json\/wp\/v2\/posts\/3537\/revisions\/3539"}],"wp:featuredmedia":[{"embeddable":true,"href":"http:\/\/www.primeranota.cl\/web\/wp-json\/wp\/v2\/media\/3538"}],"wp:attachment":[{"href":"http:\/\/www.primeranota.cl\/web\/wp-json\/wp\/v2\/media?parent=3537"}],"wp:term":[{"taxonomy":"category","embeddable":true,"href":"http:\/\/www.primeranota.cl\/web\/wp-json\/wp\/v2\/categories?post=3537"},{"taxonomy":"post_tag","embeddable":true,"href":"http:\/\/www.primeranota.cl\/web\/wp-json\/wp\/v2\/tags?post=3537"}],"curies":[{"name":"wp","href":"https:\/\/api.w.org\/{rel}","templated":true}]}}