{"id":3598,"date":"2018-10-30T08:11:01","date_gmt":"2018-10-30T11:11:01","guid":{"rendered":"http:\/\/www.primeranota.cl\/web\/?p=3598"},"modified":"2018-10-30T08:11:01","modified_gmt":"2018-10-30T11:11:01","slug":"presidente-pinera-propone-extender-carrera-militar-en-el-marco-de-reforma-al-sistema-de-pensiones","status":"publish","type":"post","link":"http:\/\/www.primeranota.cl\/web\/pais\/presidente-pinera-propone-extender-carrera-militar-en-el-marco-de-reforma-al-sistema-de-pensiones\/","title":{"rendered":"Presidente Pi\u00f1era propone extender carrera militar en el marco de reforma al sistema de pensiones"},"content":{"rendered":"<p><em><strong>El presidente busca aumentar de 30 a 35 a\u00f1os la carrera militar.<\/strong><\/em><br \/>\nEn medio de los anuncios de la reforma de pensiones, el presidente, Sebasti\u00e1n Pi\u00f1era plante\u00f3 en entrevista con Ahora Noticias de Mega que este nuevo proyecto de ley tambi\u00e9n comprende a las Fuerzas de Armadas.<br \/>\nEl mandatario afirm\u00f3 que \u201ces cierto que el Estado gasta m\u00e1s en las pensiones de los jubilados de las Fuerzas Armadas, que son como 100 mil personas, que en el Pilar Solidario que favorece a un mill\u00f3n y medio de personas\u201d.<br \/>\nPor lo que ante este escenario Pi\u00f1era asegur\u00f3 que se encuentran trabajando para que la carrera militar sea de los 30 a 35 a\u00f1os. Esto para generar un alivio fiscal en relaci\u00f3n a materias de pensiones de las Fuerzas Armadas.<br \/>\nAdem\u00e1s, el jefe de Estado plante\u00f3 en la entrevista con Mega que el proyecto de ley firmado este d\u00eda busca beneficiar principalmente a la clase media.<\/p>\n","protected":false},"excerpt":{"rendered":"<p>El presidente busca aumentar de 30 a 35 a\u00f1os la carrera militar. En medio de los anuncios de la reforma de pensiones, el presidente, Sebasti\u00e1n&#8230;<\/p>\n","protected":false},"author":2,"featured_media":3580,"comment_status":"closed","ping_status":"open","sticky":false,"template":"","format":"standard","meta":{"footnotes":""},"categories":[4,267],"tags":[],"_links":{"self":[{"href":"http:\/\/www.primeranota.cl\/web\/wp-json\/wp\/v2\/posts\/3598"}],"collection":[{"href":"http:\/\/www.primeranota.cl\/web\/wp-json\/wp\/v2\/posts"}],"about":[{"href":"http:\/\/www.primeranota.cl\/web\/wp-json\/wp\/v2\/types\/post"}],"author":[{"embeddable":true,"href":"http:\/\/www.primeranota.cl\/web\/wp-json\/wp\/v2\/users\/2"}],"replies":[{"embeddable":true,"href":"http:\/\/www.primeranota.cl\/web\/wp-json\/wp\/v2\/comments?post=3598"}],"version-history":[{"count":1,"href":"http:\/\/www.primeranota.cl\/web\/wp-json\/wp\/v2\/posts\/3598\/revisions"}],"predecessor-version":[{"id":3599,"href":"http:\/\/www.primeranota.cl\/web\/wp-json\/wp\/v2\/posts\/3598\/revisions\/3599"}],"wp:featuredmedia":[{"embeddable":true,"href":"http:\/\/www.primeranota.cl\/web\/wp-json\/wp\/v2\/media\/3580"}],"wp:attachment":[{"href":"http:\/\/www.primeranota.cl\/web\/wp-json\/wp\/v2\/media?parent=3598"}],"wp:term":[{"taxonomy":"category","embeddable":true,"href":"http:\/\/www.primeranota.cl\/web\/wp-json\/wp\/v2\/categories?post=3598"},{"taxonomy":"post_tag","embeddable":true,"href":"http:\/\/www.primeranota.cl\/web\/wp-json\/wp\/v2\/tags?post=3598"}],"curies":[{"name":"wp","href":"https:\/\/api.w.org\/{rel}","templated":true}]}}