{"id":3750,"date":"2018-11-07T08:04:01","date_gmt":"2018-11-07T11:04:01","guid":{"rendered":"http:\/\/www.primeranota.cl\/web\/?p=3750"},"modified":"2018-11-07T20:26:59","modified_gmt":"2018-11-07T23:26:59","slug":"jose-maria-menendez-por-cuestionamientos-a-planta-wte-se-ha-manejado-informacion-sin-rigor-tecnico","status":"publish","type":"post","link":"http:\/\/www.primeranota.cl\/web\/entrevistas\/jose-maria-menendez-por-cuestionamientos-a-planta-wte-se-ha-manejado-informacion-sin-rigor-tecnico\/","title":{"rendered":"Jos\u00e9 Mar\u00eda Men\u00e9ndez por cuestionamientos a planta WTE: \u201cSe ha manejado informaci\u00f3n sin rigor t\u00e9cnico\u201d"},"content":{"rendered":"<p><em>Durante estos d\u00edas se encuentra en la regi\u00f3n, el docente universitario, Masters sobre energ\u00eda y medio ambiente, con el fin de participar en su calidad de conferencista en charlas t\u00e9cnicas en universidades locales. Vocal del cluster de energ\u00eda del Pa\u00eds Vasco, el ingeniero industrial lleva m\u00e1s de 25 a\u00f1os dedicado a desarrollar plantas de tratamiento de residuos con aprovechamiento energ\u00e9tico en Europa, conocidas como plantas WTE.<\/em><\/p>\n<p><em>En conversaci\u00f3n con Primeranota.cl, el experto entrega su visi\u00f3n sobre las reacciones que ha provocado en nuestra regi\u00f3n la intenci\u00f3n de instalar una planta de este tipo en la comuna de Lautaro, la que permitir\u00eda aportar en la soluci\u00f3n al manejo de residuos de Temuco y la regi\u00f3n.<\/em><\/p>\n<p><strong>En nuestra regi\u00f3n se ha generado una importante controversia y rechazo por parte de las autoridades pol\u00edticas y grupos ambientalistas frente a la posibilidad de instalar la planta WTE, con su experiencia en el tema, \u00bfC\u00f3mo eval\u00faa estas reacciones?<\/strong><\/p>\n<p>Es algo normal el miedo al cambio, los ciudadanos siempre tienen una cierta reticencia a lo nuevo y por sobre todo a lo que no conocemos, eso es natural frente a nuevas propuestas de cualquier tipo.<\/p>\n<p><strong>Usted ha trabajado por m\u00e1s de 25 a\u00f1os en el desarrollo de las plantas WTE, \u00bfCu\u00e1l es la relaci\u00f3n que existe entre la ciudadan\u00eda y estas plantas en el resto de las ciudades del mundo donde opera este sistema?<\/strong><\/p>\n<p>Son un vecino m\u00e1s de la ciudad, siempre existe un peque\u00f1o porcentaje de personas que no quisieran la planta, pero el \u00e9xito se mide en que es un proyecto que no sale en la prensa, que no tiene ninguna figuraci\u00f3n p\u00fablica y eso es prueba de que su funcionamiento es un \u00e9xito<\/p>\n<p><strong>En nuestra regi\u00f3n, no solo agrupaciones ambientalistas han manifestado su rechazo a la instalaci\u00f3n de esta planta, sino que adem\u00e1s ha encontrado una fuerte oposici\u00f3n de parte de actores pol\u00edticos. \u00bfComo se explica esta oposici\u00f3n a un proyecto que Ud. define como exitoso en su operatoria en otros pa\u00edses?<\/strong><\/p>\n<p>Lamentablemente se ha manejado mucha informaci\u00f3n sin rigor t\u00e9cnico y mucha informaci\u00f3n sesgada, yo quiero reivindicar el papel de los t\u00e9cnicos en cuanto a transmitir informaci\u00f3n. El problema que hay en una ciudad es que si no estamos de acuerdo todos en diagnosticar cual es este, dif\u00edcilmente vamos a estar de acuerdo en la soluci\u00f3n.<\/p>\n<p>El problema es el modo de vida que tenemos hoy, es que hemos recurrido mayoritariamente al vertido de residuos\u00a0 y nos hemos dado cuenta de que no es la soluci\u00f3n. El reto com\u00fan de todos los pol\u00edticos es buscar alternativas al vertido de residuos y si desde el principio descartamos alternativas por prejuicio, va a ser muy dif\u00edcil buscar una soluci\u00f3n. Entre todos hay que montar un puzle y todas las tecnolog\u00edas pueden tener un papel en la soluci\u00f3n, pero si por prejuicio descartamos una soluci\u00f3n nunca vamos a conseguir un plan que de resultados, entonces lo primero es estar de acuerdo en buscar una alternativa de soluci\u00f3n diferente al vertido.<\/p>\n<p><strong>\u00bfCu\u00e1l es la soluci\u00f3n al manejo de residuos en forma eficaz y eficiente?<\/strong><\/p>\n<p>B\u00e1sicamente existen dos formas, yo puedo hablar de lo que se ha hecho en Europa, pero eso no es lo \u00fanico que existe y lo que se ha hecho en Europa responde a la realidad de europea, con dos realidades especiales, por una parte no existen recursos naturales por lo tanto se \u00a0ha\u00a0 apostado fuertemente por fomentar el reciclaje y tampoco existen recursos energ\u00e9ticos. Por lo mismo se avanz\u00f3 en aprovechar el recurso energ\u00e9tico que genera la incineraci\u00f3n de recursos y esto ha permitido cubrir de cierto modo la demanda energ\u00e9tica. El reciclaje es un tema m\u00e1s complejo porque involucra el comportamiento de los ciudadanos.<\/p>\n<p><strong>\u00bfSe entiende que el reciclaje es la mejor soluci\u00f3n en el manejo de residuos?<\/strong><\/p>\n<p>En Europa existe una jerarqu\u00eda de normas y medidas en el manejo de residuos, la primera es prevenci\u00f3n y esto afecta nuestros h\u00e1bitos de consumo, esto es un tema cultural porque estamos acostumbrados a usar muchos envases, a usar y tirar, se vive muy c\u00f3modo sin mirar que pasa con nuestra bolsa de basura. El segundo tema es el reciclaje y esta es una palabra que es objeto de muchas opiniones, pero para poder reciclar lo primero que hay que hacer es separar, no mezclar y ser capaces de montar una industria autosustentable que sea capaz de usar ese material, eso es muy complicado porque necesariamente se deben cambiar los h\u00e1bitos de los ciudadanos,\u00a0 no solo de consumo sino como organizamos nuestro residuos, tenemos que tener cuatro dep\u00f3sitos en vez de uno, luego si los pol\u00edticos nos instalan contenedores, tener la disciplina de llevar cada cosa en su sitio, solo con que un ciudadano arroje un bote de pintura en un contenedor de vidrio se arruina el esfuerzo de cien ciudadanos.<\/p>\n<p>El reciclaje es lo que hay que emprender desde un principio pero cuesta al menos una generaci\u00f3n en conciencia ciudadana.<\/p>\n<p><strong>En la regi\u00f3n, espec\u00edficamente en Temuco, hace varios a\u00f1os se ven\u00eda advirtiendo la obligatoriedad de cerrar el vertedero, esto finalmente se materializa y se genera una situaci\u00f3n de emergencia, frente a lo que la posibilidad de contar con la planta WTE Araucan\u00eda parece como una v\u00eda de soluci\u00f3n a corto plazo. \u00bfEst\u00e1 usted de acuerdo con que es la soluci\u00f3n m\u00e1s r\u00e1pida?<\/strong><\/p>\n<p>La situaci\u00f3n de emergencia obliga a tener soluciones de emergencia, una planta WTE, puede tardar 5 a\u00f1os en estar operativa, el reciclaje es m\u00e1s complejo a\u00fan, por lo tanto si hoy se est\u00e1n\u00a0 explorando soluciones que no son sustentables, ni econ\u00f3micamente, ni ambientalmente, con un tr\u00e1fico de camiones que terminan en un vertedero, emitiendo c02 en su recorrido, con una alto costo en el transporte y un costo en el vertido, es una soluci\u00f3n de emergencia pero no se puede mantener en el tiempo.<\/p>\n<p><strong>\u00bfSobre las emisiones, que son un tema que ha estado instalado no solo en relaci\u00f3n a este proyecto, sino que en la agenda nacional, cual es la garant\u00eda que ofrece una planta WTE?<\/strong><\/p>\n<p>Las plantas WTE siempre van a tener mejores resultados en relaci\u00f3n a los residuos que se depositen en ella, si se retira la chatarra electr\u00f3nica, por poner un ejemplo, se va a tener un mejor combustible y lo mismo con las emisiones.<\/p>\n<p>Si a una planta se le meten materiales t\u00f3xicos, saca residuos t\u00f3xicos, si no se le meten residuos t\u00f3xicos no saca residuos t\u00f3xicos. La planta transforma el material de entrada en escorias, en cenizas y en energ\u00eda, si el material es inerte las escorias son inertes, si el material es relativamente inerte las escorias son relativamente inertes.<\/p>\n<p><strong>\u00bfLos temores de la poblaci\u00f3n respecto de la contaminaci\u00f3n tienen fundamento trat\u00e1ndose de la incineraci\u00f3n de residuos?<\/strong><\/p>\n<p>Estas plantas, al menos en Europa tienen \u00a0sistemas de sensores en tiempo real que entregan informaci\u00f3n transparente a la ciudadan\u00eda y eso es transparencia, es un ejemplo de gobernanza y es la \u00fanica forma de disipar los temores, ac\u00e1 no hay nada que ocultar, si se le mete residuos t\u00f3xicos los humos van a ser m\u00e1s t\u00f3xicos.<\/p>\n<p>La planta no tiene porque resentirse si a lo largo del tiempo se le van retirando materiales y esto se dar\u00eda en la medida que crecen otras soluciones como el reciclaje.<\/p>\n<p><strong>\u00bfC\u00f3mo se avanza en la soluci\u00f3n para un tema que es un problema no solo en Temuco sino que en muchas ciudades de la regi\u00f3n y del pa\u00eds?<\/strong><\/p>\n<p>Creo que en su conjunto empresas, pol\u00edticos y ciudadanos pueden aprender lo que se ha hecho en otras latitudes y el por que se ha hecho, ya que las realidades son distintas. En China se ha hecho de otra forma, se ha pasado del vertido de residuos a las plantas WTE, construyendo m\u00e1s de 300 plantas en menos de 10 a\u00f1os y no se ha hecho absolutamente nada en materia de reciclaje.<\/p>\n<p>En Temuco y la regi\u00f3n se deben sacar conclusiones que permitan consensuar un plan, si hay una situaci\u00f3n de emergencia se puede adelantar con una planta de WTE, pero siempre que se vayan implementando y ejecutando acciones complementarias, las que tienen que calzar con la realidad \u00a0local, no con la de Bilbao ni la de Copenhague.<\/p>\n<p>Hay que tener mucho cuidado con copiar mal, qu\u00e9 sentido tiene poner una estaci\u00f3n de reciclaje de vidrio, sino existe una industria que recoja ese material, cualquier soluci\u00f3n debe estar sujeta a la realidad local.<\/p>\n<p>&nbsp;<\/p>\n<p>&nbsp;<\/p>\n<p>&nbsp;<\/p>\n<p>&nbsp;<\/p>\n<p>&nbsp;<\/p>\n<p>&nbsp;<\/p>\n<p>&nbsp;<\/p>\n<p>&nbsp;<\/p>\n","protected":false},"excerpt":{"rendered":"<p>Durante estos d\u00edas se encuentra en la regi\u00f3n, el docente universitario, Masters sobre energ\u00eda y medio ambiente, con el fin de participar en su calidad&#8230;<\/p>\n","protected":false},"author":2,"featured_media":3751,"comment_status":"closed","ping_status":"open","sticky":false,"template":"","format":"standard","meta":{"footnotes":""},"categories":[255],"tags":[],"_links":{"self":[{"href":"http:\/\/www.primeranota.cl\/web\/wp-json\/wp\/v2\/posts\/3750"}],"collection":[{"href":"http:\/\/www.primeranota.cl\/web\/wp-json\/wp\/v2\/posts"}],"about":[{"href":"http:\/\/www.primeranota.cl\/web\/wp-json\/wp\/v2\/types\/post"}],"author":[{"embeddable":true,"href":"http:\/\/www.primeranota.cl\/web\/wp-json\/wp\/v2\/users\/2"}],"replies":[{"embeddable":true,"href":"http:\/\/www.primeranota.cl\/web\/wp-json\/wp\/v2\/comments?post=3750"}],"version-history":[{"count":8,"href":"http:\/\/www.primeranota.cl\/web\/wp-json\/wp\/v2\/posts\/3750\/revisions"}],"predecessor-version":[{"id":3761,"href":"http:\/\/www.primeranota.cl\/web\/wp-json\/wp\/v2\/posts\/3750\/revisions\/3761"}],"wp:featuredmedia":[{"embeddable":true,"href":"http:\/\/www.primeranota.cl\/web\/wp-json\/wp\/v2\/media\/3751"}],"wp:attachment":[{"href":"http:\/\/www.primeranota.cl\/web\/wp-json\/wp\/v2\/media?parent=3750"}],"wp:term":[{"taxonomy":"category","embeddable":true,"href":"http:\/\/www.primeranota.cl\/web\/wp-json\/wp\/v2\/categories?post=3750"},{"taxonomy":"post_tag","embeddable":true,"href":"http:\/\/www.primeranota.cl\/web\/wp-json\/wp\/v2\/tags?post=3750"}],"curies":[{"name":"wp","href":"https:\/\/api.w.org\/{rel}","templated":true}]}}