{"id":3765,"date":"2018-11-07T18:19:46","date_gmt":"2018-11-07T21:19:46","guid":{"rendered":"http:\/\/www.primeranota.cl\/web\/?p=3765"},"modified":"2018-11-07T18:19:46","modified_gmt":"2018-11-07T21:19:46","slug":"senador-quintana-se-abre-a-discutir-sobre-reduccion-de-jornada-laboral","status":"publish","type":"post","link":"http:\/\/www.primeranota.cl\/web\/pais\/senador-quintana-se-abre-a-discutir-sobre-reduccion-de-jornada-laboral\/","title":{"rendered":"Senador Quintana se abre a discutir sobre reducci\u00f3n de jornada laboral"},"content":{"rendered":"<p>Con atenci\u00f3n ha seguido la ciudadan\u00eda la iniciativa presentada en el Congreso que pretende reducir de 45 a 40 las horas de trabajo a la semana, y aumentar de 15 a 20 los d\u00edas de feriado anual o vacaciones.<\/p>\n<p>En ese sentido, el senador de La Araucan\u00eda, Jaime Quintana, se\u00f1al\u00f3 estar abierto a debatir el proyecto, argumentando que \u201cla mayor\u00eda de las potencias en el mundo han ido disminuyendo lentamente la jornada laboral y Chile no puede sustraerse de ese debate y de esa realidad global. Est\u00e1 completamente demostrado, que una jornada con mayor cantidad de horas, no es sin\u00f3nimo de mayor productividad\u201d,<\/p>\n<p>Evidencia mundial<\/p>\n<p>Coincidiendo con la discusi\u00f3n en el pa\u00eds respecto a la disminuci\u00f3n de 45 a 40 horas en la jornada laboral, un informe de The Conference Board Economic sobre perspectivas laborales de la OCDE, indic\u00f3 que Chile es el quinto de 38 pa\u00edses con mayores jornadas laborales en la agrupaci\u00f3n y, a la vez, un promedio de producci\u00f3n marcadamente inferior al del grupo.<\/p>\n<p>En Chile se trabaja casi 200 horas m\u00e1s por sobre el promedio de los pa\u00edses miembros de la OCDE, y supera en m\u00e1s de 600 horas a Alemania, naci\u00f3n con solo 1.363 al a\u00f1o.<\/p>\n<p>Baja productividad<\/p>\n<p>A pesar de la cantidad de horas que trabajan los chilenos, la productividad del pa\u00eds se mantiene baja. Seg\u00fan datos de la misma OCDE, Chile ocupa el lugar 24 en el ranking de productividad 2017 entre los 38 miembros, quince puestos por debajo del promedio y muy por debajo de Estados Unidos, pa\u00eds m\u00e1s productivo.<\/p>\n<p>Seg\u00fan el informe, en el pa\u00eds se trabaja en promedio 1.988 horas al a\u00f1o y se producen US$27 por cada una de ellas. Mientras tanto, la OCDE tiene una producci\u00f3n de US$49 por hora y Noruega, el pa\u00eds de mayor promedio, produce US$68,9 por cada 60 minutos.<\/p>\n<p>Propuesta integral<\/p>\n<p>Al conocer la iniciativa, el senador Jaime Quintana comenz\u00f3 a estudiar los antecedentes y reunirse con gremios con la finalidad de ver todas las aristas que puedan concluir con un proyecto integral.<\/p>\n<p>\u201cEntiendo que un debate como este no puede abordar una sola mirada. Por supuesto, el reducir la jornada laboral es un tema importante, pero tambi\u00e9n se puede considerar distintas propuestas que han surgido del mundo productivo\u201d, dijo el congresista <\/p>\n<p>Y una de esas propuestas, ha sido la de \u201crevisar el n\u00famero de feriados que tenemos en el pa\u00eds. Eso tambi\u00e9n podr\u00eda significar un aumento en los d\u00edas de vacaciones de los trabajadores, por lo tanto, el conjunto de todos esos elementos puede dar lugar a una propuesta mucho m\u00e1s integral\u201d.<\/p>\n<p>Finalmente, el senador Jaime Quintana, concluy\u00f3 que es importante poner estos temas en la agenda, \u201csobre todo en un pa\u00eds donde tenemos una de las jornadas laborales m\u00e1s extensas dentro de la OCDE\u201d.<\/p>\n<p>\u201cCreo que debemos pensar y trabajar en un modelo laboral de desarrollo que beneficie a las personas y no precarice el trabajo\u201d, dijo Jaime Quintana.<\/p>\n","protected":false},"excerpt":{"rendered":"<p>Con atenci\u00f3n ha seguido la ciudadan\u00eda la iniciativa presentada en el Congreso que pretende reducir de 45 a 40 las horas de trabajo a la&#8230;<\/p>\n","protected":false},"author":2,"featured_media":1286,"comment_status":"closed","ping_status":"open","sticky":false,"template":"","format":"standard","meta":{"footnotes":""},"categories":[4,267],"tags":[],"_links":{"self":[{"href":"http:\/\/www.primeranota.cl\/web\/wp-json\/wp\/v2\/posts\/3765"}],"collection":[{"href":"http:\/\/www.primeranota.cl\/web\/wp-json\/wp\/v2\/posts"}],"about":[{"href":"http:\/\/www.primeranota.cl\/web\/wp-json\/wp\/v2\/types\/post"}],"author":[{"embeddable":true,"href":"http:\/\/www.primeranota.cl\/web\/wp-json\/wp\/v2\/users\/2"}],"replies":[{"embeddable":true,"href":"http:\/\/www.primeranota.cl\/web\/wp-json\/wp\/v2\/comments?post=3765"}],"version-history":[{"count":1,"href":"http:\/\/www.primeranota.cl\/web\/wp-json\/wp\/v2\/posts\/3765\/revisions"}],"predecessor-version":[{"id":3766,"href":"http:\/\/www.primeranota.cl\/web\/wp-json\/wp\/v2\/posts\/3765\/revisions\/3766"}],"wp:featuredmedia":[{"embeddable":true,"href":"http:\/\/www.primeranota.cl\/web\/wp-json\/wp\/v2\/media\/1286"}],"wp:attachment":[{"href":"http:\/\/www.primeranota.cl\/web\/wp-json\/wp\/v2\/media?parent=3765"}],"wp:term":[{"taxonomy":"category","embeddable":true,"href":"http:\/\/www.primeranota.cl\/web\/wp-json\/wp\/v2\/categories?post=3765"},{"taxonomy":"post_tag","embeddable":true,"href":"http:\/\/www.primeranota.cl\/web\/wp-json\/wp\/v2\/tags?post=3765"}],"curies":[{"name":"wp","href":"https:\/\/api.w.org\/{rel}","templated":true}]}}