{"id":3949,"date":"2018-11-15T07:57:36","date_gmt":"2018-11-15T10:57:36","guid":{"rendered":"http:\/\/www.primeranota.cl\/web\/?p=3949"},"modified":"2018-11-15T13:26:53","modified_gmt":"2018-11-15T16:26:53","slug":"el-silencio-de-la-moneda-por-muerte-de-comunero-a-manos-del-cuestionado-comando-jungla","status":"publish","type":"post","link":"http:\/\/www.primeranota.cl\/web\/pais\/el-silencio-de-la-moneda-por-muerte-de-comunero-a-manos-del-cuestionado-comando-jungla\/","title":{"rendered":"El silencio de La Moneda por muerte de comunero a manos del cuestionado Comando Jungla"},"content":{"rendered":"<p>Camilo Catrillanca, de 24 a\u00f1os, recibi\u00f3 un impacto de bala en la cabeza. El Gobierno opt\u00f3 por poner el foco en que las circunstancias que rodearon su fallecimiento eran delictuales y que, por lo tanto, no ameritaba que desde Palacio alguna autoridad reaccionara. Pero por m\u00e1s que trataron de bajarle el perfil al hecho, es innegable que lo sucedido no solo exacerba las tensiones y el conflicto en La Araucan\u00eda, sino que tambi\u00e9n pone en jaque la viabilidad del plan estrella que estaba impulsando la administraci\u00f3n pi\u00f1erista, con la alianza p\u00fablico-privada, para dar soluci\u00f3n econ\u00f3mica a problemas de la zona. La figura del ministro de Desarrollo Social, Alfredo Moreno, tambi\u00e9n queda en tela de juicio, como la decisi\u00f3n del Ministerio del Interior de apostar sus fichas hace meses al despliegue del Comando Jungla, en circunstancias que desde el primer d\u00eda fue cuestionado por el riesgo que implicaba un equipo militarizado como ese.<\/p>\n<p>El Mostrador<\/p>\n","protected":false},"excerpt":{"rendered":"<p>Camilo Catrillanca, de 24 a\u00f1os, recibi\u00f3 un impacto de bala en la cabeza. El Gobierno opt\u00f3 por poner el foco en que las circunstancias que&#8230;<\/p>\n","protected":false},"author":2,"featured_media":3965,"comment_status":"closed","ping_status":"open","sticky":false,"template":"","format":"standard","meta":{"footnotes":""},"categories":[4,267],"tags":[],"_links":{"self":[{"href":"http:\/\/www.primeranota.cl\/web\/wp-json\/wp\/v2\/posts\/3949"}],"collection":[{"href":"http:\/\/www.primeranota.cl\/web\/wp-json\/wp\/v2\/posts"}],"about":[{"href":"http:\/\/www.primeranota.cl\/web\/wp-json\/wp\/v2\/types\/post"}],"author":[{"embeddable":true,"href":"http:\/\/www.primeranota.cl\/web\/wp-json\/wp\/v2\/users\/2"}],"replies":[{"embeddable":true,"href":"http:\/\/www.primeranota.cl\/web\/wp-json\/wp\/v2\/comments?post=3949"}],"version-history":[{"count":2,"href":"http:\/\/www.primeranota.cl\/web\/wp-json\/wp\/v2\/posts\/3949\/revisions"}],"predecessor-version":[{"id":3966,"href":"http:\/\/www.primeranota.cl\/web\/wp-json\/wp\/v2\/posts\/3949\/revisions\/3966"}],"wp:featuredmedia":[{"embeddable":true,"href":"http:\/\/www.primeranota.cl\/web\/wp-json\/wp\/v2\/media\/3965"}],"wp:attachment":[{"href":"http:\/\/www.primeranota.cl\/web\/wp-json\/wp\/v2\/media?parent=3949"}],"wp:term":[{"taxonomy":"category","embeddable":true,"href":"http:\/\/www.primeranota.cl\/web\/wp-json\/wp\/v2\/categories?post=3949"},{"taxonomy":"post_tag","embeddable":true,"href":"http:\/\/www.primeranota.cl\/web\/wp-json\/wp\/v2\/tags?post=3949"}],"curies":[{"name":"wp","href":"https:\/\/api.w.org\/{rel}","templated":true}]}}