{"id":4029,"date":"2018-11-19T16:57:17","date_gmt":"2018-11-19T19:57:17","guid":{"rendered":"http:\/\/www.primeranota.cl\/web\/?p=4029"},"modified":"2018-11-19T16:57:17","modified_gmt":"2018-11-19T19:57:17","slug":"padre-las-casas-inaugura-primera-sala-multisensorial-en-el-sector-rural","status":"publish","type":"post","link":"http:\/\/www.primeranota.cl\/web\/region\/padre-las-casas-inaugura-primera-sala-multisensorial-en-el-sector-rural\/","title":{"rendered":"Padre las Casas inaugura primera sala multisensorial en el sector rural"},"content":{"rendered":"<p><em>En dependencias de la escuela Chapod, se hizo la inauguraci\u00f3n oficial de la primera sala multisensorial existente <\/em><em>entre las escuelas con administraci\u00f3n municipal de la comuna, un proyecto inclusivo que beneficiar\u00e1 a m\u00e1s de 50 ni\u00f1os del sector. <\/em><\/p>\n<p>Promover en la comunidad educativa, una cultura inclusiva y de respeto por la diversidad de necesidades, habilidades e intereses; fue el objetivo central, de la primera sala multisensorial, que se encuentra bajo el alero de la administraci\u00f3n municipal, inauguraci\u00f3n enmarcada en la celebraci\u00f3n nacional del mes de la inclusi\u00f3n.<\/p>\n<p>Durante los a\u00f1os 2017 y 2018 se realiz\u00f3 la inversi\u00f3n de aproximadamente $5.000.000 de la subvenci\u00f3n del Programa de Integraci\u00f3n Escolar del establecimiento para la implementaci\u00f3n de la sala multisensorial, espacio donde se realiza la atenci\u00f3n de la totalidad de los estudiantes con y sin necesidades educativas especiales matriculados en el establecimiento, contando con el apoyo de un fonoaudi\u00f3logo, una psic\u00f3loga, un terapeuta ocupacional, tres educadoras diferenciales y docentes de diferentes asignaturas.<\/p>\n<p><em>\u201cSin duda hoy, me siento muy orgulloso, no s\u00f3lo por lo logrado en este establecimiento, sino que adem\u00e1s por el desempe\u00f1o que ha demostrado todo nuestro sistema escolar municipal, en el cual trabajan docentes y profesionales, que constantemente implementa proyectos innovadores que van en directo beneficio en el aprendizaje de nuestros ni\u00f1os, tal como lo hicieron en Chapod, \u00a0con la materializaci\u00f3n de esta sala multisensorial, la cual es una estrategia, que permitir\u00e1 mejorar tanto las funciones cognitivas como psicomotoras de los estudiantes\u201d <\/em>precis\u00f3, Juan Eduardo Delgado, Alcalde de la Comuna de Padre las Casas.<\/p>\n<p>Es importante destacar la importancia de la estimulaci\u00f3n sensorial, la cual permite la entrada de informaci\u00f3n del entorno, al sistema nervioso a trav\u00e9s de los sentidos, para elaborar sensaciones y percepciones. Esto constituye el primer elemento sobre el que se construye cualquier aprendizaje, ya que supone la primera etapa del desarrollo de las funciones cognitivas b\u00e1sicas (atenci\u00f3n, memoria) y permite el desarrollo de las funciones cognitivas superiores (resoluci\u00f3n de problemas, razonamiento, lenguaje y creatividad).<\/p>\n<p><em>\u201cPara nosotros es muy importante contar con esta sala, ya que es parte de la necesidad de los estudiantes que presentaban en su desempe\u00f1o escolar, una baja estimulaci\u00f3n temprana. Actualmente, tenemos muchos alumnos, que se encuentran desfasados en el \u00e1rea cognitiva y es por ello, que necesit\u00e1bamos hacer algo para mejorar estos \u00edndices. Esta sala, contempla material de psicomotricidad e integraci\u00f3n sensorial, as\u00ed mismo, en conjunto con los ni\u00f1os, trabajamos los sectores de atenci\u00f3n, concentraci\u00f3n y estimulaci\u00f3n de los sentidos\u201d,<\/em> asegur\u00f3 Gloria Mar\u00edn, coordinadora programa Integraci\u00f3n Escuela Chapod.<\/p>\n<p>Gracias a los sentidos, y explorando el entorno mediante el movimiento (acci\u00f3n y experimentaci\u00f3n), se produce el proceso de asimilaci\u00f3n y acomodaci\u00f3n, que permite la construcci\u00f3n de aprendizajes y la comprensi\u00f3n del mundo que nos rodea.<\/p>\n<p>&nbsp;<\/p>\n","protected":false},"excerpt":{"rendered":"<p>En dependencias de la escuela Chapod, se hizo la inauguraci\u00f3n oficial de la primera sala multisensorial existente entre las escuelas con administraci\u00f3n municipal de la&#8230;<\/p>\n","protected":false},"author":2,"featured_media":4030,"comment_status":"closed","ping_status":"open","sticky":false,"template":"","format":"standard","meta":{"footnotes":""},"categories":[267,3],"tags":[],"_links":{"self":[{"href":"http:\/\/www.primeranota.cl\/web\/wp-json\/wp\/v2\/posts\/4029"}],"collection":[{"href":"http:\/\/www.primeranota.cl\/web\/wp-json\/wp\/v2\/posts"}],"about":[{"href":"http:\/\/www.primeranota.cl\/web\/wp-json\/wp\/v2\/types\/post"}],"author":[{"embeddable":true,"href":"http:\/\/www.primeranota.cl\/web\/wp-json\/wp\/v2\/users\/2"}],"replies":[{"embeddable":true,"href":"http:\/\/www.primeranota.cl\/web\/wp-json\/wp\/v2\/comments?post=4029"}],"version-history":[{"count":1,"href":"http:\/\/www.primeranota.cl\/web\/wp-json\/wp\/v2\/posts\/4029\/revisions"}],"predecessor-version":[{"id":4031,"href":"http:\/\/www.primeranota.cl\/web\/wp-json\/wp\/v2\/posts\/4029\/revisions\/4031"}],"wp:featuredmedia":[{"embeddable":true,"href":"http:\/\/www.primeranota.cl\/web\/wp-json\/wp\/v2\/media\/4030"}],"wp:attachment":[{"href":"http:\/\/www.primeranota.cl\/web\/wp-json\/wp\/v2\/media?parent=4029"}],"wp:term":[{"taxonomy":"category","embeddable":true,"href":"http:\/\/www.primeranota.cl\/web\/wp-json\/wp\/v2\/categories?post=4029"},{"taxonomy":"post_tag","embeddable":true,"href":"http:\/\/www.primeranota.cl\/web\/wp-json\/wp\/v2\/tags?post=4029"}],"curies":[{"name":"wp","href":"https:\/\/api.w.org\/{rel}","templated":true}]}}