{"id":4306,"date":"2018-12-03T07:19:06","date_gmt":"2018-12-03T10:19:06","guid":{"rendered":"http:\/\/www.primeranota.cl\/web\/?p=4306"},"modified":"2018-12-03T07:19:06","modified_gmt":"2018-12-03T10:19:06","slug":"acusado-del-homicidio-de-catrillanca-hay-gente-que-nos-hizo-mentir","status":"publish","type":"post","link":"http:\/\/www.primeranota.cl\/web\/pais\/acusado-del-homicidio-de-catrillanca-hay-gente-que-nos-hizo-mentir\/","title":{"rendered":"Acusado del homicidio de Catrillanca : \u201chay gente que nos hizo mentir\u201d"},"content":{"rendered":"<p>El ex sargento Carlos Alarc\u00f3n -acusado de ser el autor material del asesinato de Camilo Catrillanca- asegur\u00f3 que &#8220;todav\u00eda falta que salgan cosas a la luz&#8221; en un video que fue filtrado este domingo.<\/p>\n<p>En el registro, enviado a compa\u00f1eros del GOPE en servicio y en retiro, insisti\u00f3 en su inocencia y acus\u00f3 que &#8220;todav\u00eda falta que salgan cosas a la luz, porque ustedes que nos conocen saben que nosotros no actuamos a la mala ni como delincuentes&#8221;.<\/p>\n<p>&#8220;Ustedes saben que no soy un delincuente ni nadie de aqu\u00ed, por lo tanto aqu\u00ed hay gente nos hizo mentir, dimos declaraciones falsas y ahora nosotros somos los m\u00e1s malos, los m\u00e1s peligrosos para la ciudadan\u00eda&#8221;, asegur\u00f3.<\/p>\n<p>Cooperativa<\/p>\n","protected":false},"excerpt":{"rendered":"<p>El ex sargento Carlos Alarc\u00f3n -acusado de ser el autor material del asesinato de Camilo Catrillanca- asegur\u00f3 que &#8220;todav\u00eda falta que salgan cosas a la&#8230;<\/p>\n","protected":false},"author":2,"featured_media":4307,"comment_status":"closed","ping_status":"open","sticky":false,"template":"","format":"standard","meta":{"footnotes":""},"categories":[4,267],"tags":[],"_links":{"self":[{"href":"http:\/\/www.primeranota.cl\/web\/wp-json\/wp\/v2\/posts\/4306"}],"collection":[{"href":"http:\/\/www.primeranota.cl\/web\/wp-json\/wp\/v2\/posts"}],"about":[{"href":"http:\/\/www.primeranota.cl\/web\/wp-json\/wp\/v2\/types\/post"}],"author":[{"embeddable":true,"href":"http:\/\/www.primeranota.cl\/web\/wp-json\/wp\/v2\/users\/2"}],"replies":[{"embeddable":true,"href":"http:\/\/www.primeranota.cl\/web\/wp-json\/wp\/v2\/comments?post=4306"}],"version-history":[{"count":1,"href":"http:\/\/www.primeranota.cl\/web\/wp-json\/wp\/v2\/posts\/4306\/revisions"}],"predecessor-version":[{"id":4308,"href":"http:\/\/www.primeranota.cl\/web\/wp-json\/wp\/v2\/posts\/4306\/revisions\/4308"}],"wp:featuredmedia":[{"embeddable":true,"href":"http:\/\/www.primeranota.cl\/web\/wp-json\/wp\/v2\/media\/4307"}],"wp:attachment":[{"href":"http:\/\/www.primeranota.cl\/web\/wp-json\/wp\/v2\/media?parent=4306"}],"wp:term":[{"taxonomy":"category","embeddable":true,"href":"http:\/\/www.primeranota.cl\/web\/wp-json\/wp\/v2\/categories?post=4306"},{"taxonomy":"post_tag","embeddable":true,"href":"http:\/\/www.primeranota.cl\/web\/wp-json\/wp\/v2\/tags?post=4306"}],"curies":[{"name":"wp","href":"https:\/\/api.w.org\/{rel}","templated":true}]}}