{"id":4400,"date":"2018-12-07T09:04:48","date_gmt":"2018-12-07T12:04:48","guid":{"rendered":"http:\/\/www.primeranota.cl\/web\/?p=4400"},"modified":"2018-12-07T09:04:48","modified_gmt":"2018-12-07T12:04:48","slug":"la-reunion-que-sello-la-salida-de-jaime-de-aguirre-de-tvn","status":"publish","type":"post","link":"http:\/\/www.primeranota.cl\/web\/pais\/la-reunion-que-sello-la-salida-de-jaime-de-aguirre-de-tvn\/","title":{"rendered":"La reuni\u00f3n que sello la salida de Jaime de Aguirre de TVN"},"content":{"rendered":"<p>El exdirector ejecutivo entreg\u00f3 una breve carta con las razones de su dimisi\u00f3n dirigida a Adriana Delpiano, vicepresidenta del directorio y m\u00e1xima autoridad de la se\u00f1al estatal luego de la renuncia de su presidente, Francisco Orrego.<br \/>\nHay detalles que a\u00fan no se saben. Como, por ejemplo, si Jaime de Aguirre Hoffa present\u00f3 la renuncia al cargo de director ejecutivo de Televisi\u00f3n Nacional de Chile al inicio de la reuni\u00f3n de directorio de este jueves, que comenz\u00f3 a las 14 horas, o si lo hizo en medio de la sesi\u00f3n, donde uno de los temas que los directores oficialistas buscaban poner era su permanencia.<br \/>\nLo que s\u00ed se sabe es que De Aguirre lleg\u00f3 a participar de la cita. Y que entreg\u00f3 una breve carta con las razones de su dimisi\u00f3n, dirigida a la vicepresidenta del directorio, Adriana Delpiano -la m\u00e1xima autoridad de la se\u00f1al estatal luego de que la semana pasada renunciara el presidente de la instancia, Francisco Orrego, citando justamente la dificultad de remover al director ejecutivo como una de las razones-.<br \/>\nEn el canal dicen que fue el propio De Aguirre quien le comunic\u00f3 la renuncia al directorio. En la carta habla de renuncia \u201cindeclinable\u201d y seg\u00fan trascendidos -es muy breve, insisten- habr\u00eda manfestado que trat\u00f3 de hacer su mejor contribuci\u00f3n a la se\u00f1al.<br \/>\nLa misiva, cuentan en TVN, era distinta a la que le lleg\u00f3 minutos despu\u00e9s -y cuando a\u00fan el directorio se encontraba en plena sesi\u00f3n- a todos los trabajadores del canal, firmada por el mismo De Aguirre, donde les agradec\u00eda su colaboraci\u00f3n en los dos a\u00f1os de este per\u00edodo y defend\u00eda el rol de la televisi\u00f3n p\u00fablica.<\/p>\n","protected":false},"excerpt":{"rendered":"<p>El exdirector ejecutivo entreg\u00f3 una breve carta con las razones de su dimisi\u00f3n dirigida a Adriana Delpiano, vicepresidenta del directorio y m\u00e1xima autoridad de la&#8230;<\/p>\n","protected":false},"author":2,"featured_media":4401,"comment_status":"closed","ping_status":"open","sticky":false,"template":"","format":"standard","meta":{"footnotes":""},"categories":[4,267],"tags":[],"_links":{"self":[{"href":"http:\/\/www.primeranota.cl\/web\/wp-json\/wp\/v2\/posts\/4400"}],"collection":[{"href":"http:\/\/www.primeranota.cl\/web\/wp-json\/wp\/v2\/posts"}],"about":[{"href":"http:\/\/www.primeranota.cl\/web\/wp-json\/wp\/v2\/types\/post"}],"author":[{"embeddable":true,"href":"http:\/\/www.primeranota.cl\/web\/wp-json\/wp\/v2\/users\/2"}],"replies":[{"embeddable":true,"href":"http:\/\/www.primeranota.cl\/web\/wp-json\/wp\/v2\/comments?post=4400"}],"version-history":[{"count":1,"href":"http:\/\/www.primeranota.cl\/web\/wp-json\/wp\/v2\/posts\/4400\/revisions"}],"predecessor-version":[{"id":4402,"href":"http:\/\/www.primeranota.cl\/web\/wp-json\/wp\/v2\/posts\/4400\/revisions\/4402"}],"wp:featuredmedia":[{"embeddable":true,"href":"http:\/\/www.primeranota.cl\/web\/wp-json\/wp\/v2\/media\/4401"}],"wp:attachment":[{"href":"http:\/\/www.primeranota.cl\/web\/wp-json\/wp\/v2\/media?parent=4400"}],"wp:term":[{"taxonomy":"category","embeddable":true,"href":"http:\/\/www.primeranota.cl\/web\/wp-json\/wp\/v2\/categories?post=4400"},{"taxonomy":"post_tag","embeddable":true,"href":"http:\/\/www.primeranota.cl\/web\/wp-json\/wp\/v2\/tags?post=4400"}],"curies":[{"name":"wp","href":"https:\/\/api.w.org\/{rel}","templated":true}]}}