{"id":4446,"date":"2018-12-09T10:08:53","date_gmt":"2018-12-09T13:08:53","guid":{"rendered":"http:\/\/www.primeranota.cl\/web\/?p=4446"},"modified":"2018-12-09T10:08:53","modified_gmt":"2018-12-09T13:08:53","slug":"la-moneda-comienza-a-marcar-distancia-del-general-soto","status":"publish","type":"post","link":"http:\/\/www.primeranota.cl\/web\/pais\/la-moneda-comienza-a-marcar-distancia-del-general-soto\/","title":{"rendered":"La Moneda comienza a marcar distancia del general Soto"},"content":{"rendered":"<p>La primera grieta que se abri\u00f3 en la relaci\u00f3n entre el general director de Carabineros, Hermes Soto, y La Moneda se materializ\u00f3 el lunes 3. Ese d\u00eda, el ministro del Interior, Andr\u00e9s Chadwick, cit\u00f3 a una reuni\u00f3n de emergencia a la m\u00e1xima autoridad de la polic\u00eda uniformada y a los cinco generales inspectores de su Alto Mando. La reuni\u00f3n se origin\u00f3 tras la molestia que provoc\u00f3 en el Ejecutivo un video filtrado el d\u00eda anterior en que uno de los ex Gope -imputado por el asesinato del joven mapuche Camilo Catrillanca y que se encuentra en prisi\u00f3n preventiva en una comisar\u00eda- aseguraba que hubo gente dentro de la instituci\u00f3n que \u201clos hab\u00eda hecho mentir\u201d a la fiscal\u00eda.<br \/>\nEn el encuentro, que encabez\u00f3 el propio Presidente Sebasti\u00e1n Pi\u00f1era -al que se sumaron Chadwick y el subsecretario del Interior, Rodrigo Ubilla- y en el que tambi\u00e9n estaba presente el entonces general inspector de Orden y Seguridad, Christian Franzani, a quien se termin\u00f3 pidiendo la renuncia el viernes 7 por \u201cfalta de control eficiente que hubiera permitido informaci\u00f3n fidedigna\u201d, seg\u00fan se lee en el oficio de dimisi\u00f3n, solamente hablaron dos asistentes: el Mandatario y Soto.<br \/>\nLa cita tuvo un sabor amargo no solo para Soto, sino que tambi\u00e9n para La Moneda. Hace ocho meses -en la primera decisi\u00f3n pol\u00edtica importante desde el regreso de Pi\u00f1era a La Moneda-, el Mandatario ungi\u00f3 al general como jefe m\u00e1ximo de Carabineros tras la abrupta ca\u00edda de su antecesor, Bruno Villalobos, quien anticip\u00f3 su renuncia al cargo el primer d\u00eda del gobierno, en medio de cuestionamientos a su rol en la denominada Operaci\u00f3n Hurac\u00e1n, en la que se investiga fabricaci\u00f3n de pruebas para inculpar a l\u00edderes mapuches en atentados terroristas en La Araucan\u00eda por parte de personal de Inteligencia de Carabineros.<br \/>\nNo ha pasado un a\u00f1o y una nueva crisis, asociada al conflicto mapuche, estallaba de nuevo al interior de la polic\u00eda uniformada. Fuentes de La Moneda comentaron el tenso ambiente de la cita, en la que la voz del Mandatario se hizo escuchar con fuerza. \u201cNo est\u00e1 en discusi\u00f3n el apoyo que el gobierno tiene hacia Carabineros, pero en esta situaci\u00f3n ustedes tienen responsabilidades\u201d, enrostr\u00f3 Pi\u00f1era a los uniformados. \u201cNo vamos a aceptar este tipo de conductas\u201d, remat\u00f3.<br \/>\nSoto, el subdirector de la polic\u00eda uniformada, \u00c1lvaro Altamirano, y los generales inspectores Fernando Riveros, Fernando Petit, Jos\u00e9 Rivera Aedo, Kurt Haarmann y Christian Franzani entendieron que ya no exist\u00eda m\u00e1s espacio para errores y los oficiales se retiraron con la orden presidencial de volver a reconstruir una vez m\u00e1s cada detalle de lo ocurrido tras la muerte de Catrillanca. \u201cS\u00ed, Presidente, nos vamos con una misi\u00f3n clara\u201d, dijo Soto.<br \/>\nPocas horas antes, Chadwick ya le hab\u00eda pedido a Hermes Soto un sumario administrativo al interior de Carabineros para determinar por qu\u00e9 el exsargento Carlos Alarc\u00f3n pudo ingresar una c\u00e1mara de video y por qu\u00e9 se\u00f1ala que lo \u201chicieron mentir\u201d.<\/p>\n<p>El mi\u00e9rcoles 5, el general director lleg\u00f3 nuevamente a La Moneda, en una escena que se hizo recurrente a diario la semana pasada. Esta vez, Soto entreg\u00f3 al ministro Chadwick y al subsecretario Ubilla una minuta en la que estaba una pormenorizada cronolog\u00eda de los hechos vinculados al accionar de Carabineros desde que falleci\u00f3 Catrillanca.<br \/>\nEl documento termin\u00f3 por sellar la suerte del general Franzani, al revelarse los detalles de sus reuniones con los principales imputados por el homicidio del comunero mapuche que no estaban en conocimiento de La Moneda y, seg\u00fan asegur\u00f3 el mismo Soto, tampoco de \u00e9l.<br \/>\nEsa desinformaci\u00f3n trajo costos para el propio general director, ya que tambi\u00e9n comenz\u00f3 por primera vez a esbozarse en las m\u00e1s altas esferas de Palacio la posibilidad de removerlo no por sospechas de estar implicado en alguno de los episodios que trataron de ocultar el asesinato de Catrillanca, pero s\u00ed por -de acuerdo a un alto personero de La Moneda- a\u00fan mantenerse en la estructura de los uniformados \u201cviudos\u201d del exgeneral Bruno Villalobos que le podr\u00edan estar ocultando informaci\u00f3n.<br \/>\nCon todo, en c\u00edrculos oficialistas comenz\u00f3 a surgir el nombre del general Haarmann -exedec\u00e1n de Chadwick- como carta de sucesi\u00f3n.<br \/>\nLa minuta en cuesti\u00f3n termin\u00f3 por convencer a La Moneda de intervenir las futuras decisiones de Soto, quien desde ese momento ha tenido que concurrir diariamente a la sede de gobierno y visar cada una de sus decisiones con el subsecretario Ubilla.<br \/>\n\u201c\u00a1Ustedes son Carabineros de Chile! \u00a1Ustedes trabajan para darles seguridad a millones de chilenos!\u201d. Con esas palabras, el entonces general inspector de Orden y Seguridad, Christian Franzani, hizo arribo cerca de la 1 AM del jueves 15 a la 2\u00b0 Comisar\u00eda de Fuerzas Especiales de Pailahueque.<br \/>\nEn el lugar, una decena de efectivos de Fuerzas Especiales y del Grupo de Operaciones Policiales Especiales (Gope) esperaba intranquilo. Ya un grupo hab\u00eda partido, hac\u00eda una hora y media, hasta la Fiscal\u00eda de Collipulli a declarar tras la muerte de Catrillanca.<br \/>\nA las 19 horas, el fiscal Enrique V\u00e1squez hab\u00eda citado a los part\u00edcipes del operativo policial en que muri\u00f3 el comunero mapuche para testificar sobre lo ocurrido en Temucuicui despu\u00e9s del robo de autos a cuatro profesoras de la Escuela Santa Rosa, en Ercilla.<br \/>\nAl llegar, Franzani -el uniformado de m\u00e1s alto rango que arrib\u00f3 esa noche desde Santiago a La Araucan\u00eda en compa\u00f1\u00eda del abogado Alejandro Sobarzo- se reuni\u00f3 con los mandos locales, entre ellos el general de Orden y Seguridad de esa zona, Mauro Victtoriano, y el prefecto de Fuerzas Especiales coronel Iv\u00e1n Contreras.<br \/>\nPero lo que indign\u00f3 a La Moneda, y que fue parte del contenido de la minuta entregada por Soto el mi\u00e9rcoles 5 a Chadwick y Ubilla, fue el encuentro que esa madrugada protagoniz\u00f3 Franzani con los cuatro carabineros actualmente imputados por homicidio y obstrucci\u00f3n a la investigaci\u00f3n de la muerte de Catrillanca.<br \/>\nLa reuni\u00f3n -seg\u00fan la informaci\u00f3n proporcionada por Soto- se produjo entre las 3.00 y las 4 A.M. del jueves 15 de noviembre, y durante ella Franzani hizo una suerte de arenga a los uniformados.<br \/>\nLas palabras del general fueron pronunciadas en la propia Fiscal\u00eda de Collipulli, donde el a\u00fan general se reuni\u00f3 con los cuatro sargentos del Gope que iban en la tanqueta que particip\u00f3 del operativo en el que muri\u00f3 el comunero mapuche y que hoy est\u00e1n en prisi\u00f3n preventiva: Carlos Alarc\u00f3n, Ra\u00fal \u00c1vila, Braulio Valenzuela y Patricio Sep\u00falveda.<br \/>\nLa versi\u00f3n de Carabineros -que aparece detallada en la minuta que Hermes Soto entreg\u00f3 al gobierno- es que Franzani habr\u00eda ido a dar \u201capoyo\u201d a los uniformados.<br \/>\nLas sospechas de la fiscal\u00eda y de La Moneda recaen no solo en la reserva en la que se hab\u00eda mantenido la cita de Franzani, sino que tambi\u00e9n en la inusual hora en que esta se produjo. M\u00e1s a\u00fan, porque en esos instantes solo hab\u00edan declarado dos de los Gope implicados en el operativo, Sep\u00falveda (quien inici\u00f3 su declaraci\u00f3n a las 0.08) y Valenzuela (quien hizo lo propio a la 1.50), pero no lo hab\u00edan hecho a\u00fan los sargentos que hab\u00edan disparado contra el tractor que conduc\u00eda Catrillanca y en el que, adem\u00e1s, se desplazaba un adolescente de 15 a\u00f1os que fue detenido.<br \/>\nSeg\u00fan el expediente, el interrogatorio a Alarc\u00f3n comenz\u00f3 a las 3.45 horas, mientras que \u00c1vila (quien dijo haber destruido la tarjeta de memoria de la c\u00e1mara GoPro que portaba en su casco al momento del operativo) empez\u00f3 a declarar a las 5.15 horas de ese d\u00eda.<br \/>\nEsas no fueron -sin embargo- las \u00fanicas diligencias que realizaron miembros del Alto Mando en las horas inmediatamente posteriores a conocerse la muerte de Catrillanca.<br \/>\nSeg\u00fan ya estableci\u00f3 la fiscal\u00eda, la tarde de ese mi\u00e9rcoles 14, tras constatarse la muerte del comunero en el Cesfam de Ercilla, se produjeron varios llamados entre el general Victtoriano y Franzani.<br \/>\nAl interior de Carabineros desdramatizan el activo rol de este \u00faltimo ante la crisis producida en Temucuicui, debido a que cada vez que hay un tema complejo que involucre a Fuerzas Especiales y de Orden, es \u00e9l quien viaja para afrontar las contingencias.<br \/>\nPese a ello, la fiscal\u00eda ya decidi\u00f3 que citar\u00e1 a declarar al general (R) Franzani por estos hechos. Lo que a\u00fan no decide el equipo que dirige el fiscal Roberto Garrido es en qu\u00e9 calidad lo har\u00e1.<br \/>\nHasta el momento, dicen fuentes de la indagatoria, ser\u00eda como testigo, debido a que un nuevo testimonio del exsargento Alarc\u00f3n -autor confeso de los disparos a Catrillanca- entregado esta semana apunta al abogado civil de Carabineros, Cristi\u00e1n Inostroza Qui\u00f1i\u00f1ir, quien acompa\u00f1\u00f3 a los Gope en las declaraciones en que renunciaron a su derecho a guardar silencio y que, adem\u00e1s, fue interrogado esta semana por el Ministerio P\u00fablico como imputado, como quien los habr\u00eda instado a faltar a la verdad en sus primeras declaraciones ante la fiscal\u00eda. El profesional fue desvinculado de la instituci\u00f3n el viernes 7, junto con la salida de Franzani.<br \/>\nHasta ahora, son 11 los uniformados -entre ellos dos generales- que han sido removidos de sus cargos por la crisis generada en La Araucan\u00eda. El destino de dos de ellos -el general Victtoriano, que declar\u00f3 esta semana como imputado, y el coronel Iv\u00e1n Contreras- se sell\u00f3 luego de conocerse una reuni\u00f3n que encabezaron a las 21 horas del mi\u00e9rcoles 14 de noviembre con los cuatro sargentos del Gope involucrados en el operativo de Temucuicui cuando a\u00fan Franzani no llegaba a la zona.<br \/>\nEn la minuta que entreg\u00f3 Soto a La Moneda la m\u00e1xima autoridad de Carabineros calific\u00f3 el encuentro de \u201cimprudente\u201d, porque el fiscal V\u00e1squez trataba de ubicar incansablemente al mayor Manuel Valdivieso -jefe de los Gope quien ser\u00e1 en los pr\u00f3ximos d\u00edas citado a declarar como imputado- y al subprefecto de la Prefectura de Fuerzas Especiales Jos\u00e9 Correa para que los sargentos fueran a declarar, diligencia a la que se presentaron reci\u00e9n pasada la medianoche. El viernes 7, Valdivieso y Correa se sumaron a la lista de uniformados a los que La Moneda ha pedido la renuncia en este caso.<br \/>\nMa\u00f1ana, a las 14 horas, Soto llegar\u00e1 nuevamente a La Moneda para una reuni\u00f3n con Chadwick y Ubilla. En la ocasi\u00f3n, el subsecretario le entregar\u00e1 al general director una serie de medidas administrativas para solucionar la crisis que se ha generado en Carabineros tras la muerte de Catrillanca.<br \/>\nFuentes de La Moneda adelantaron a Reportajes que la primera decisi\u00f3n apuntar\u00e1 a la injerencia directa que tendr\u00e1 Ubilla en todas las decisiones administrativas que se tomen en Carabineros.<br \/>\nAdem\u00e1s, se crear\u00e1 una Unidad de Denuncias de Conductas Indebidas de Carabineros, una nueva instancia en que, de forma an\u00f3nima, los uniformados podr\u00e1n denunciar a sus mismos pares cuando sospechen o tengan conocimiento de que est\u00e1n cometiendo conductas fuera de la ley.<br \/>\nTambi\u00e9n se profundizar\u00e1 la formaci\u00f3n de Carabineros en materia de derechos humanos, para lo que se aumentar\u00e1n las capacitaciones en este tema y el gobierno dar\u00e1 un rol activo al Instituto de Derechos Humanos para definir el programa que se presentar\u00e1 en las clases en la Escuela de Carabineros.<br \/>\nEn una se\u00f1al directa a la cuestionada actuaci\u00f3n de los uniformados en La Araucan\u00eda, La Moneda decidi\u00f3 capacitar en temas de multiculturalidad a los efectivos que cumplen labores en esa zona.<br \/>\nUn cap\u00edtulo clave de la cita de Soto con las principales autoridades de Interior apuntar\u00e1 a las medidas de seguridad que se tomar\u00e1n en la zona de conflicto mapuche. La idea de Carabineros -seg\u00fan adelant\u00f3 a La Tercera el s\u00e1bado 8- ser\u00e1 poner en discusi\u00f3n la permanencia del Gope, el denominado Comando Jungla, en la \u201czona roja\u201d -Ercilla, Angol y Collipulli-. En La Moneda, sin embargo, sostuvieron que esa posibilidad solo ser\u00e1 autorizada si los uniformados son reemplazados por otros efectivos de Fuerzas Especiales.<br \/>\nLa crisis con Carabineros tambi\u00e9n afect\u00f3 la relaci\u00f3n entre parte de Chile Vamos y La Moneda.<\/p>\n<p>La primera se\u00f1al de molestia se dej\u00f3 ver a primera hora del lunes 3, durante el comit\u00e9 pol\u00edtico que re\u00fane a los ministros de Palacio con las directivas de los partidos oficialistas. Quienes participaron de la cita dicen que se trat\u00f3 de un encuentro tenso, donde el presidente de RN, Mario Desbordes, y el jefe de bancada de senadores de la UDI, V\u00edctor P\u00e9rez, cuestionaron el actuar del Ejecutivo respecto de Carabineros y pidieron que se entregara el m\u00e1ximo respaldo a la instituci\u00f3n.<br \/>\n\u201cA la fecha, lo \u00fanico que tenemos son cuatro carabineros presos\u201d, se\u00f1al\u00f3 el senador P\u00e9rez. Parte de su reclamo apuntaba a que en la zona se siguen cometiendo delitos, sin embargo, quienes se encuentran privados de libertad son los encargados de resguardar la seguridad de la zona.<br \/>\nEl titular de Interior -dicen quienes participaron del comit\u00e9- contest\u00f3 las cr\u00edticas y aclar\u00f3 que el respaldo de Carabineros jam\u00e1s ha estado en duda, sin embargo, agreg\u00f3 que en La Moneda no se van a \u201camparar conductas de Carabineros fuera de la ley\u201d, asegurando que han existido negligencias graves tras la muerte de Catrillanca.<br \/>\nPero la UDI quiso dejar en claro su postura frente a la situaci\u00f3n y, tras la dura reuni\u00f3n del lunes de Pi\u00f1era con el Alto Mando de la instituci\u00f3n, el martes 4 a las 12 del d\u00eda, la UDI acudi\u00f3 a la Direcci\u00f3n General de Carabineros para entregar su respaldo a Soto.<br \/>\nConsciente de las inquietudes oficialistas, el Presidente Pi\u00f1era cerr\u00f3 la semana con un gesto a la polic\u00eda uniformada: \u201cQuiero expresar mi gratitud y mi aprecio a Carabineros de Chile y, por supuesto, condenar con toda fuerza a esos pocos que se apartan de su juramento\u201d, se\u00f1al\u00f3.<br \/>\nReportaje La Tercera<\/p>\n","protected":false},"excerpt":{"rendered":"<p>La primera grieta que se abri\u00f3 en la relaci\u00f3n entre el general director de Carabineros, Hermes Soto, y La Moneda se materializ\u00f3 el lunes 3&#8230;.<\/p>\n","protected":false},"author":2,"featured_media":4447,"comment_status":"closed","ping_status":"open","sticky":false,"template":"","format":"standard","meta":{"footnotes":""},"categories":[4,267],"tags":[],"_links":{"self":[{"href":"http:\/\/www.primeranota.cl\/web\/wp-json\/wp\/v2\/posts\/4446"}],"collection":[{"href":"http:\/\/www.primeranota.cl\/web\/wp-json\/wp\/v2\/posts"}],"about":[{"href":"http:\/\/www.primeranota.cl\/web\/wp-json\/wp\/v2\/types\/post"}],"author":[{"embeddable":true,"href":"http:\/\/www.primeranota.cl\/web\/wp-json\/wp\/v2\/users\/2"}],"replies":[{"embeddable":true,"href":"http:\/\/www.primeranota.cl\/web\/wp-json\/wp\/v2\/comments?post=4446"}],"version-history":[{"count":1,"href":"http:\/\/www.primeranota.cl\/web\/wp-json\/wp\/v2\/posts\/4446\/revisions"}],"predecessor-version":[{"id":4448,"href":"http:\/\/www.primeranota.cl\/web\/wp-json\/wp\/v2\/posts\/4446\/revisions\/4448"}],"wp:featuredmedia":[{"embeddable":true,"href":"http:\/\/www.primeranota.cl\/web\/wp-json\/wp\/v2\/media\/4447"}],"wp:attachment":[{"href":"http:\/\/www.primeranota.cl\/web\/wp-json\/wp\/v2\/media?parent=4446"}],"wp:term":[{"taxonomy":"category","embeddable":true,"href":"http:\/\/www.primeranota.cl\/web\/wp-json\/wp\/v2\/categories?post=4446"},{"taxonomy":"post_tag","embeddable":true,"href":"http:\/\/www.primeranota.cl\/web\/wp-json\/wp\/v2\/tags?post=4446"}],"curies":[{"name":"wp","href":"https:\/\/api.w.org\/{rel}","templated":true}]}}