{"id":4608,"date":"2018-12-18T08:01:26","date_gmt":"2018-12-18T11:01:26","guid":{"rendered":"http:\/\/www.primeranota.cl\/web\/?p=4608"},"modified":"2018-12-18T08:01:26","modified_gmt":"2018-12-18T11:01:26","slug":"cuestionada-voceria-del-gobierno-que-justifica-con-diversidad-las-declaraciones-de-diputada-flores","status":"publish","type":"post","link":"http:\/\/www.primeranota.cl\/web\/pais\/cuestionada-voceria-del-gobierno-que-justifica-con-diversidad-las-declaraciones-de-diputada-flores\/","title":{"rendered":"Cuestionada vocer\u00eda del Gobierno que justifica con \u201cdiversidad\u201d las declaraciones de Diputada Flores"},"content":{"rendered":"<p>La ministra Cecilia P\u00e9rez apunt\u00f3 al \u201crespeto a la diferencia\u201d y descart\u00f3 \u201cincomodidad\u201d ante las declaraciones de Camila Flores.<br \/>\n\u201cCuando uno cree en la diversidad, cuando uno cree en el respeto a la diferencia, como lo cree nuestro gobierno y lo cree nuestra coalici\u00f3n, no puede existir incomodidad\u201d. As\u00ed se refiri\u00f3 este lunes la vocera de gobierno, Cecilia P\u00e9rez, a los dichos que emiti\u00f3 el s\u00e1bado la diputada RN Camila Flores en el consejo general de su partido. \u201cSoy pinochetista, y lo digo sin problemas. Soy una agradecida del gobierno militar\u201d, dijo ese d\u00eda la legisladora.<br \/>\nAunque el tema gener\u00f3 incomodidad en el oficialismo, ya que nuevamente se instala en la agenda una materia que genera divisi\u00f3n y cuestionamientos, La Moneda opt\u00f3 por bajarle el perfil, no cuestionar que se reivindicara la figura de Pinochet y apelar a la \u201cdiversidad\u201d del sector.<br \/>\nAs\u00ed, la secretaria de Estado a\u00f1adi\u00f3 -tras participar del comit\u00e9 pol\u00edtico ampliado en La Moneda- que \u201cla mayor fortaleza que hemos aprendido en Chile vamos como coalici\u00f3n este a\u00f1o es crecer con diversidad\u201d. Asimismo, recalc\u00f3 que \u201cno existe nadie que no condene las violaciones a los derechos humanos, y lo que nos une es justamente mirar ese futuro con unidad\u201d.<br \/>\nSi bien el gobierno opt\u00f3 por bajarle el perfil al tema, al interior de RN el tema no pas\u00f3 desapercibido. En privado, el diputado Andr\u00e9s Longton le hizo saber al presidente de la colectividad, Mario Desbordes, su descontento por los dichos de Flores, molestia que tambi\u00e9n transmiti\u00f3 p\u00fablicamente. \u201cHasta cu\u00e1ndo nos seguimos dividiendo, somos generaciones nuevas\u2026 Se me revuelve la guata cuando empezamos a hablar de Pinochet\u201c, coment\u00f3 Longton ayer, generando que Flores saliera a responderle por Twitter. \u201cLe preguntar\u00eda al diputado Andr\u00e9s Longton: \u00bfse le revuelve la guata al recordar que su padre fue parte de ese gobierno que tanto desprecia siendo alcalde en dos oportunidades designado por el \u2018dictador\u2019?\u201d.<br \/>\nPese a la confrontaci\u00f3n y a la pol\u00e9mica por la postura de Flores, Desbordes dijo que en el consejo de RN \u201cyo no estaba en el minuto en que la diputada hizo su alocuci\u00f3n\u201d y que \u201clas palabras de la diputada Flores, que interpretan a un sector del partido, no deber\u00edan sorprender a nadie de la centroderecha\u201d. Seg\u00fan se\u00f1al\u00f3, \u201cen RN hay gente que tiene esa misma valoraci\u00f3n del gobierno de Augusto Pinochet\u201d. Y a\u00f1adi\u00f3: \u201cSi alguien valora ese periodo, perfecto, pero partiendo de la base de que se condena las violaciones a los DD.HH.\u201d. Adem\u00e1s, el l\u00edder de RN descart\u00f3 que exista una \u201cderechizaci\u00f3n\u201d del sector, argumentando que los postulados del bloque est\u00e1n \u201ca a\u00f1os luz\u201d de la ultraderecha.<br \/>\nEn tanto, su par de Ev\u00f3poli, Hern\u00e1n Larra\u00edn Matte, reconoci\u00f3 que \u201cse est\u00e1 abriendo un debate\u201d y \u201cque hay algunas visiones que son m\u00e1s de derecha, incluso, de ultraderecha\u201d. Y a\u00f1adi\u00f3 que \u201clas declaraciones de la diputada Flores son la de un miembro de RN y, por lo tanto, es el propio partido que debe hacerse cargo de ella en particular\u201d.<\/p>\n","protected":false},"excerpt":{"rendered":"<p>La ministra Cecilia P\u00e9rez apunt\u00f3 al \u201crespeto a la diferencia\u201d y descart\u00f3 \u201cincomodidad\u201d ante las declaraciones de Camila Flores. \u201cCuando uno cree en la diversidad,&#8230;<\/p>\n","protected":false},"author":2,"featured_media":4609,"comment_status":"closed","ping_status":"open","sticky":false,"template":"","format":"standard","meta":{"footnotes":""},"categories":[4,267],"tags":[],"_links":{"self":[{"href":"http:\/\/www.primeranota.cl\/web\/wp-json\/wp\/v2\/posts\/4608"}],"collection":[{"href":"http:\/\/www.primeranota.cl\/web\/wp-json\/wp\/v2\/posts"}],"about":[{"href":"http:\/\/www.primeranota.cl\/web\/wp-json\/wp\/v2\/types\/post"}],"author":[{"embeddable":true,"href":"http:\/\/www.primeranota.cl\/web\/wp-json\/wp\/v2\/users\/2"}],"replies":[{"embeddable":true,"href":"http:\/\/www.primeranota.cl\/web\/wp-json\/wp\/v2\/comments?post=4608"}],"version-history":[{"count":1,"href":"http:\/\/www.primeranota.cl\/web\/wp-json\/wp\/v2\/posts\/4608\/revisions"}],"predecessor-version":[{"id":4610,"href":"http:\/\/www.primeranota.cl\/web\/wp-json\/wp\/v2\/posts\/4608\/revisions\/4610"}],"wp:featuredmedia":[{"embeddable":true,"href":"http:\/\/www.primeranota.cl\/web\/wp-json\/wp\/v2\/media\/4609"}],"wp:attachment":[{"href":"http:\/\/www.primeranota.cl\/web\/wp-json\/wp\/v2\/media?parent=4608"}],"wp:term":[{"taxonomy":"category","embeddable":true,"href":"http:\/\/www.primeranota.cl\/web\/wp-json\/wp\/v2\/categories?post=4608"},{"taxonomy":"post_tag","embeddable":true,"href":"http:\/\/www.primeranota.cl\/web\/wp-json\/wp\/v2\/tags?post=4608"}],"curies":[{"name":"wp","href":"https:\/\/api.w.org\/{rel}","templated":true}]}}