{"id":4814,"date":"2018-12-29T09:49:47","date_gmt":"2018-12-29T12:49:47","guid":{"rendered":"http:\/\/www.primeranota.cl\/web\/?p=4814"},"modified":"2018-12-29T09:49:47","modified_gmt":"2018-12-29T12:49:47","slug":"pinera-asistira-ceremonia-de-cambio-de-mando-en-brasil","status":"publish","type":"post","link":"http:\/\/www.primeranota.cl\/web\/pais\/pinera-asistira-ceremonia-de-cambio-de-mando-en-brasil\/","title":{"rendered":"Pi\u00f1era asistir\u00e1 ceremonia de cambio de mando en Brasil"},"content":{"rendered":"<p>En medio de las pol\u00e9micas generadas por los encuentros de algunos personeros del oficialismo, con el mandatario electo de Brasil, Jair Bolsonaro, el Presidente Sebasti\u00e1n Pi\u00f1era, viajar\u00e1 a ese pa\u00eds el 1 de enero, para presenciar el cambio de mando.<br \/>\nPero adem\u00e1s de ser parte de la ceremonia donde asumir\u00e1 el representante de la ultraderecha de Brasil, el Mandatario aprovechar\u00e1 de sostener diversas reuniones bilaterales.<br \/>\nComo se indica en El Mercurio, se reunir\u00e1 con su par de Paraguay, Mari Abdo, y de una manera inusual: a bordo del avi\u00f3n presidencial. Seg\u00fan una minuta del Gobierno, ambos abordar\u00e1n ocho t\u00f3picos, entre ellos, la permanencia de Chile en la Unasur y la situaci\u00f3n en Venezuela.<br \/>\nAyer, en tanto, trascendi\u00f3 que el mandatario, entre las bilaterales que tendr\u00eda en Brasilia, podr\u00eda agendar una cita con el primer ministro de Israel, Benjam\u00edn Netanyahu. En agosto estaba planificado un encuentro en Colombia, durante el cambio de mando, pero Netanyahu finalmente no viaj\u00f3.<\/p>\n","protected":false},"excerpt":{"rendered":"<p>En medio de las pol\u00e9micas generadas por los encuentros de algunos personeros del oficialismo, con el mandatario electo de Brasil, Jair Bolsonaro, el Presidente Sebasti\u00e1n&#8230;<\/p>\n","protected":false},"author":2,"featured_media":4382,"comment_status":"closed","ping_status":"open","sticky":false,"template":"","format":"standard","meta":{"footnotes":""},"categories":[4,267],"tags":[],"_links":{"self":[{"href":"http:\/\/www.primeranota.cl\/web\/wp-json\/wp\/v2\/posts\/4814"}],"collection":[{"href":"http:\/\/www.primeranota.cl\/web\/wp-json\/wp\/v2\/posts"}],"about":[{"href":"http:\/\/www.primeranota.cl\/web\/wp-json\/wp\/v2\/types\/post"}],"author":[{"embeddable":true,"href":"http:\/\/www.primeranota.cl\/web\/wp-json\/wp\/v2\/users\/2"}],"replies":[{"embeddable":true,"href":"http:\/\/www.primeranota.cl\/web\/wp-json\/wp\/v2\/comments?post=4814"}],"version-history":[{"count":1,"href":"http:\/\/www.primeranota.cl\/web\/wp-json\/wp\/v2\/posts\/4814\/revisions"}],"predecessor-version":[{"id":4815,"href":"http:\/\/www.primeranota.cl\/web\/wp-json\/wp\/v2\/posts\/4814\/revisions\/4815"}],"wp:featuredmedia":[{"embeddable":true,"href":"http:\/\/www.primeranota.cl\/web\/wp-json\/wp\/v2\/media\/4382"}],"wp:attachment":[{"href":"http:\/\/www.primeranota.cl\/web\/wp-json\/wp\/v2\/media?parent=4814"}],"wp:term":[{"taxonomy":"category","embeddable":true,"href":"http:\/\/www.primeranota.cl\/web\/wp-json\/wp\/v2\/categories?post=4814"},{"taxonomy":"post_tag","embeddable":true,"href":"http:\/\/www.primeranota.cl\/web\/wp-json\/wp\/v2\/tags?post=4814"}],"curies":[{"name":"wp","href":"https:\/\/api.w.org\/{rel}","templated":true}]}}